{"id":39708,"date":"2023-04-03T15:05:51","date_gmt":"2023-04-03T13:05:51","guid":{"rendered":"https:\/\/fairtransport.eu\/?post_type=blog&#038;p=39708"},"modified":"2023-04-26T11:54:55","modified_gmt":"2023-04-26T09:54:55","slug":"vent-du-sud-capitaine-anne-flore-gannat","status":"publish","type":"blog","link":"https:\/\/fairtransport.eu\/fr\/blog\/zuidelijke-wind-captain-anne-flore-gannat\/","title":{"rendered":"Vent du sud (Capitaine Anne-Flore Gannat)"},"content":{"rendered":"<p>Un vent de sud persistant depuis plusieurs jours maintenant. Confortable et rapide. Tout ce dont nous avons besoin. Un front de perturbations au nord va passer au-dessus de nos t\u00eates aujourd&#039;hui.<\/p>\n<p>J&#039;attends 35 n\u0153uds cet apr\u00e8s-midi. A mesure que la temp\u00eate se l\u00e8ve, les voiles sont hiss\u00e9es tranquillement jusqu&#039;au basculement vers le nord-ouest. Et puis on continue avec une belle brise calme.<br \/>\nLe groupe est habitu\u00e9 aux man\u0153uvres et \u00e0 la routine, les deux nouveaux stagiaires se sont \u00e9galement rapidement sentis \u00e0 l&#039;aise et int\u00e9gr\u00e9s dans tous les aspects de cette vie. Donc m\u00eame les mauvais<br \/>\nles pr\u00e9visions m\u00e9t\u00e9orologiques sont re\u00e7ues avec confiance. C&#039;est tout ce dont nous avons besoin.<\/p>\n<p>Encore 600 milles \u00e0 parcourir. Tout le monde parle des endroits qu\u2019il souhaite visiter \u00e0 Faial. Nous avons \u00e0 bord un petit guide qui fait appel \u00e0 l&#039;imagination. On parle aussi de l&#039;arriv\u00e9e \u00e0 Amsterdam. Beaucoup de questions de la part de ceux qui n&#039;ont jamais vu le d\u00e9chargement. Nous avons h\u00e2te de manipuler \u00e0 nouveau les sacs et les f\u00fbts. Nous sommes curieux de savoir si les f\u00fbts inf\u00e9rieurs et les sacs sont devenus mouill\u00e9s, si le rhum a coul\u00e9 davantage et combien de papillons de nuit s&#039;envoleront de la cale. Nous sommes absolument motiv\u00e9s \u00e0 d\u00e9charger la cargaison pour laquelle nous avons tant travaill\u00e9 et navigu\u00e9. En quelques mois intenses, un sentiment d\u2019appropriation grandit. C&#039;est dans les airs, ce n&#039;est pas \u00e9vident en mer car c&#039;est normal l\u00e0-bas. Une normalit\u00e9 o\u00f9 tout le monde doit partager le m\u00eame espace, les m\u00eames outils. Mais cela deviendra clair lorsque nous arriverons \u00e0 terre.<\/p>\n<p>L&#039;\u00e9quipe se r\u00e9unit et raconte des anecdotes, des moments amusants qui se sont pass\u00e9s \u00e0 bord et invariablement l&#039;\u00e9quipage revient d&#039;une excursion avec un air soulag\u00e9 de rentrer \u00e0 la maison. N&#039;ayez pas peur, nous sommes accessibles et heureux de partager les histoires. Actuellement sur la route entre les m\u00e9duses du navire de guerre portugais, les morceaux de plastique \u00e0 la surface de l&#039;oc\u00e9an chaque jour, les supertankers et les centaines de lignes enroul\u00e9es bien rang\u00e9es dans notre jardin. Pas encore sans nourriture, mais on fait des glaces et du fromage, un ciel d\u00e9gag\u00e9 sur le volcan.. On arrive \u00e0 Horta !!<\/p>\n<p>La nuit devient sombre sans la lune et laisse les \u00e9toiles briller dans toute leur splendeur. Des conseils a\u00e9riens, c&#039;est ce dont nous avons besoin. D&#039;ailleurs, nous avons une chance d&#039;arriver le 21.<\/p>\n<p>CA va !!<\/p>\n<p><a href=\"https:\/\/fairtransport.eu\/fr\/webshop\/\">Aimez-vous lire les aventures de notre \u00e9quipage? Imaginez \u00eatre l\u00e0 lorsque vous d\u00e9gustez nos produits chez vous !<\/a><\/p>","protected":false},"excerpt":{"rendered":"<p>Sinds enkele dagen een aanhoudende zuidelijke wind. Comfortabel en snel. Alles wat we nodig hebben. Een storingenfront in het noorden trekt vandaag over ons hoofd. Vanmiddag 35 knopen wachten. Terwijl de storm opsteekt, worden de zeilen rustig gehesen tot de verschuiving naar het noordwesten. En dan gaan we verder met een lekker rustig briesje. De [&hellip;]<\/p>\n","protected":false},"featured_media":39719,"template":"","jaartal":[936],"type-of-post":[23],"class_list":["post-39708","blog","type-blog","status-publish","has-post-thumbnail","hentry","jaartal-936","ft-schip-tres-hombres","type-of-post-logboek"],"acf":[],"aioseo_notices":[],"_links":{"self":[{"href":"https:\/\/fairtransport.eu\/fr\/wp-json\/wp\/v2\/blog\/39708","targetHints":{"allow":["GET"]}}],"collection":[{"href":"https:\/\/fairtransport.eu\/fr\/wp-json\/wp\/v2\/blog"}],"about":[{"href":"https:\/\/fairtransport.eu\/fr\/wp-json\/wp\/v2\/types\/blog"}],"version-history":[{"count":0,"href":"https:\/\/fairtransport.eu\/fr\/wp-json\/wp\/v2\/blog\/39708\/revisions"}],"wp:featuredmedia":[{"embeddable":true,"href":"https:\/\/fairtransport.eu\/fr\/wp-json\/wp\/v2\/media\/39719"}],"wp:attachment":[{"href":"https:\/\/fairtransport.eu\/fr\/wp-json\/wp\/v2\/media?parent=39708"}],"wp:term":[{"taxonomy":"jaartal","embeddable":true,"href":"https:\/\/fairtransport.eu\/fr\/wp-json\/wp\/v2\/jaartal?post=39708"},{"taxonomy":"type-of-post","embeddable":true,"href":"https:\/\/fairtransport.eu\/fr\/wp-json\/wp\/v2\/type-of-post?post=39708"}],"curies":[{"name":"wp","href":"https:\/\/api.w.org\/{rel}","templated":true}]}}