{"id":39345,"date":"2023-01-26T17:22:14","date_gmt":"2023-01-26T16:22:14","guid":{"rendered":"https:\/\/fairtransport.eu\/?post_type=blog&#038;p=39345"},"modified":"2023-01-26T17:29:16","modified_gmt":"2023-01-26T16:29:16","slug":"chevaux-blancs-sylvester-langvad","status":"publish","type":"blog","link":"https:\/\/fairtransport.eu\/fr\/blog\/witte-paarden-sylvester-langvad\/","title":{"rendered":"Chevaux blancs (Sylvester Langvad)"},"content":{"rendered":"<p>Et les chevaux blancs brillent comme des diamants \u00e9tincelants sur du velours bleu fonc\u00e9.<\/p>\n<p>C&#039;\u00e9tait la vue lorsque je suis mont\u00e9 sur le m\u00e2t de misaine. Il y a quelques mois \u00e0 peine, terrien de bout en bout, j&#039;aurais \u00e0 peine compris ce que signifiait une telle phrase.<br \/>\nC&#039;est pourtant ma premi\u00e8re pens\u00e9e apr\u00e8s presque deux mois de mer, assis au sommet de la vergue royale, dans un lieu de solitude. Sur un navire bond\u00e9 comme le Tres, le paradis est le seul endroit o\u00f9 vous pouvez vraiment vous sentir seul, avec rien d&#039;autre que le vent dans les oreilles et, certes, des rires ou des cris occasionnels depuis le pont.<\/p>\n<p>Dans moins d\u2019un jour nous atteindrons la Martinique, peut-\u00eatre l\u2019avons-nous d\u00e9j\u00e0 fait au moment o\u00f9 ces mots quittent le navire. Pour moi, ce sera la premi\u00e8re fois que je mettrai le pied \u00e0 terre de ce c\u00f4t\u00e9-ci de l\u2019oc\u00e9an Atlantique. Je suis surexcit\u00e9. Je pense \u00e0 ce que je ressentirai, sans doute comme du sable, de la terre ou du b\u00e9ton ailleurs. Probablement plus chaud.<\/p>\n<p>Chacun \u00e0 bord de ce navire a ses propres sentiments quant \u00e0 la perspective de jeter l&#039;ancre. On a l\u2019impression que certains d\u2019entre nous vivent pour la simplicit\u00e9 de la mer, tandis que d\u2019autres attendent avec impatience l\u2019occasion de renouer avec leurs proches. Ce sera un bonjour aux nouvelles personnes, et peut-\u00eatre un au revoir aux autres. J&#039;aimerais voir une tortue.<\/p>\n<p>&nbsp;<\/p>\n<p>Sylvestre<\/p>\n<p><a href=\"https:\/\/fairtransport.eu\/fr\/webshop\/\">Aimez-vous lire les aventures de notre \u00e9quipage? Imaginez \u00eatre l\u00e0 lorsque vous d\u00e9gustez nos produits chez vous !<\/a><\/p>\n<p>&nbsp;<\/p>","protected":false},"excerpt":{"rendered":"<p>En de witte paarden schitteren als fonkelende diamanten op donkerblauw fluweel. Dat was het uitzicht toen ik op de voormast klom. Nog maar een paar maanden geleden zou ik, door en door landrot, nauwelijks hebben begrepen wat zo&#8217;n zin betekende. Toch was dat mijn eerste gedachte na bijna twee maanden op zee, zittend bovenop de [&hellip;]<\/p>\n","protected":false},"featured_media":39352,"template":"","jaartal":[936],"type-of-post":[23],"class_list":["post-39345","blog","type-blog","status-publish","has-post-thumbnail","hentry","jaartal-936","ft-schip-tres-hombres","type-of-post-logboek"],"acf":[],"aioseo_notices":[],"_links":{"self":[{"href":"https:\/\/fairtransport.eu\/fr\/wp-json\/wp\/v2\/blog\/39345","targetHints":{"allow":["GET"]}}],"collection":[{"href":"https:\/\/fairtransport.eu\/fr\/wp-json\/wp\/v2\/blog"}],"about":[{"href":"https:\/\/fairtransport.eu\/fr\/wp-json\/wp\/v2\/types\/blog"}],"version-history":[{"count":0,"href":"https:\/\/fairtransport.eu\/fr\/wp-json\/wp\/v2\/blog\/39345\/revisions"}],"wp:featuredmedia":[{"embeddable":true,"href":"https:\/\/fairtransport.eu\/fr\/wp-json\/wp\/v2\/media\/39352"}],"wp:attachment":[{"href":"https:\/\/fairtransport.eu\/fr\/wp-json\/wp\/v2\/media?parent=39345"}],"wp:term":[{"taxonomy":"jaartal","embeddable":true,"href":"https:\/\/fairtransport.eu\/fr\/wp-json\/wp\/v2\/jaartal?post=39345"},{"taxonomy":"type-of-post","embeddable":true,"href":"https:\/\/fairtransport.eu\/fr\/wp-json\/wp\/v2\/type-of-post?post=39345"}],"curies":[{"name":"wp","href":"https:\/\/api.w.org\/{rel}","templated":true}]}}