{"id":36051,"date":"2022-04-18T04:56:58","date_gmt":"2022-04-18T02:56:58","guid":{"rendered":"https:\/\/fairtransport.eu\/blog\/provisioning-in-the-dominican-republic\/"},"modified":"2022-09-23T14:49:18","modified_gmt":"2022-09-23T12:49:18","slug":"approvisionnement-en-republique-dominicaine","status":"publish","type":"blog","link":"https:\/\/fairtransport.eu\/fr\/blog\/provisioning-in-the-dominican-republic\/","title":{"rendered":"Approvisionnement EN R\u00e9publique Dominicaine"},"content":{"rendered":"<p><strong>REMARQUES SUR L&#039;EMPLACEMENT\u00a0:<\/strong><\/p>\n<p>Boca Chica est un petit village situ\u00e9 \u00e0 30 km plus \u00e0 l&#039;est de Saint Domingue, sur la c\u00f4te sud de la R\u00e9publique Dominicaine, pays situ\u00e9 sur l&#039;\u00eele de La Hispaniola qu&#039;ils partagent avec leurs voisins, Ha\u00efti est r\u00e9pertori\u00e9 comme l&#039;une des nations les plus pauvres du monde. le monde.<br \/>\nMalheureusement, les relations entre ces deux pays ne sont pas fluides : les diff\u00e9rences, les in\u00e9galit\u00e9s et les conflits se sont intensifi\u00e9s<br \/>\net encore aggrav\u00e9e apr\u00e8s les violents ouragans et l&#039;\u00e9pid\u00e9mie de chol\u00e9ra qui ont frapp\u00e9 la population ha\u00eftienne dans le pass\u00e9<br \/>\nann\u00e9es s\u00e9v\u00e8rement.<br \/>\nUne fois de plus, nous constatons que les origines d\u2019une telle situation plongent leurs racines dans l\u2019Histoire. Nous devons reconna\u00eetre que ces graines de<br \/>\nla discorde a \u00e9t\u00e9 sem\u00e9e depuis longtemps, ici comme ailleurs, par des mains qui ne travaillaient pas ces sols mais venaient de loin pour<br \/>\nles exploiter et asservir leurs indig\u00e8nes. Cette fronti\u00e8re \u00e9paisse et dangereuse qui divise la partie de l&#039;\u00eele sous contr\u00f4le fran\u00e7ais, Ha\u00efti,<br \/>\noriginaire de la zone de peuplement espagnole, la R\u00e9publique Dominicaine n&#039;\u00e9tait pas l\u00e0 lorsque les peuples indig\u00e8nes, les Tainos entre autres, habitaient<br \/>\nl&#039;Ile. Les probl\u00e8mes \u00e9taient certainement autres \u00e0 l&#039;\u00e9poque, et des conflits ont finalement \u00e9t\u00e9 pr\u00e9sents avant l&#039;arriv\u00e9e des Espagnols, mais<br \/>\nil est ind\u00e9niable que les terribles \u00e9v\u00e9nements qui ont suivi le d\u00e9barquement des premiers colons espagnols \u00e0 La Hispaniola ont ouvert la voie \u00e0<br \/>\nl&#039;un des chapitres les plus honteux de l&#039;histoire de l&#039;humanit\u00e9, la colonisation, qui a des r\u00e9percussions profondes et atroces sur<br \/>\ntous les continents d\u2019Am\u00e9rique centrale et d\u2019Am\u00e9rique du Sud jusqu\u2019\u00e0 nos jours. C&#039;est en fait l&#039;\u00eele o\u00f9 Christophe Colomb d\u00e9barqua pour la premi\u00e8re fois en 1492. Saint-Domingue, la capitale de la R\u00e9publique Dominicaine, une ville immense, \u00e9crasante par sa taille et sa surpopulation, fut \u00e9galement la premi\u00e8re colonie espagnole et europ\u00e9enne permanente dans cette partie de la Terre. Histoire.<\/p>\n<p>La Hispaniola est une \u00eele magnifique et sauvage, et tr\u00e8s grande aussi ! Dans la r\u00e9gion des Cara\u00efbes, elle est juste derri\u00e8re Cuba en termes de taille et<br \/>\nd\u00e9mographie. Ses eaux, son ciel et sa for\u00eat abritent de nombreuses esp\u00e8ces end\u00e9miques de flore et de faune : des baleines \u00e0 bosse,<br \/>\nvenez ici pour reproduire \u00e0 proximit\u00e9 de Samana, les iguanes rhinoc\u00e9ros menac\u00e9s et rares, et plus de 300 esp\u00e8ces d&#039;oiseaux. Et enfin, dans<br \/>\nses entrailles rocheuses cachent d&#039;anciens gisements d&#039;Ambre et de Larimar, une \u00ab pierre \u00bb rare d&#039;une superbe couleur turquoise, trouv\u00e9e<br \/>\nessentiellement uniquement en DR. Et enfin, une grande partie du caf\u00e9 et du cacao que nous buvons et mangeons dans le monde a \u00e9t\u00e9 cultiv\u00e9e ici.<\/p>\n<p>La R\u00e9publique Dominicaine offre une exp\u00e9rience tr\u00e8s diff\u00e9rente par rapport aux petites \u00eeles paradisiaques visit\u00e9es par Tres Hombres, mais c&#039;est certainement une \u00e9tape cruciale non seulement pour nos op\u00e9rations de fret mais aussi pour notre \u00e9quipage, pour construire une vue d&#039;ensemble plus profonde et plus compl\u00e8te de la Histoire des Cara\u00efbes.<\/p>\n<p><strong>APPROVISIONNEMENT\u00a0:<\/strong><\/p>\n<p>Pour m&#039;approvisionner, j&#039;ai march\u00e9 jusqu&#039;au quartier du march\u00e9 de San Andres, \u00e0 10min \u00e0 pied du port de commerce. Le premier jour, j&#039;ai pass\u00e9 du temps \u00e0 faire le tour des diff\u00e9rents stands pour essayer d&#039;avoir une id\u00e9e de ce qui \u00e9tait propos\u00e9 et des diff\u00e9rents prix. La langue parl\u00e9e l\u00e0-bas est l&#039;espagnol, que je ma\u00eetrise juste assez pour mener mes propres n\u00e9gociations, ce qui \u00e9tait amusant. Il est devenu \u00e9vident que je faisais les meilleures affaires avec Maria, une femme tr\u00e8s chaleureuse qui tenait son stand de nourriture avec l&#039;aide de son partenaire et de sa fille (en passant: nous sommes toujours en contact par messages vocaux, elle est vraiment doux et attentionn\u00e9). J&#039;ai d\u00e9cid\u00e9 d&#039;organiser l&#039;essentiel de la grande commande de passage par son interm\u00e9diaire.<\/p>\n<p>Elle m&#039;a aussi expliqu\u00e9 comment \u00e7a marche : tous les commer\u00e7ants se rendent dans un grand march\u00e9 nocturne pour acheter leurs produits \u00e0 Saint-Domingue. Maria nous a dit qu&#039;elle y allait \u00e0 1 heure du matin, trois fois par semaine. Je l&#039;ai \u00e9galement vue sur son propre stand tous les jours de la semaine, donc je ne peux qu&#039;imaginer combien de temps durent ses journ\u00e9es de travail\u00a0! Nous lui avons demand\u00e9 si nous pouvions l&#039;accompagner au march\u00e9 nocturne, mais elle n&#039;\u00e9tait pas s\u00fbre que ce soit sans danger pour nous en tant que Blancs et craignait \u00e9galement que si elle \u00e9tait vue avec nous, ils augmenteraient le prix des l\u00e9gumes qui lui \u00e9taient vendus. . Assez juste!<\/p>\n<p>Au lieu de cela, j\u2019ai dress\u00e9 une grande liste et elle est all\u00e9e la chercher en mon nom. Le lendemain matin, son partenaire Angel a conduit les quelque 150 kg de l\u00e9gumes au march\u00e9 aux poissons, notre emplacement de canot pr\u00e8s du port. Ici, nous l&#039;avons charg\u00e9 sur le canot en trois courses et l&#039;avons embarqu\u00e9. Tout ranger pour la grande travers\u00e9e \u00e9tait \u00e9galement une grande mission, mais c&#039;est une autre histoire.<\/p>\n<p><a href=\"https:\/\/fairtransport.eu\/fr\/webshop\/\">Aimez-vous lire les aventures de notre \u00e9quipage? Imaginez \u00eatre l\u00e0 lorsque vous d\u00e9gustez nos produits chez vous !<\/a><\/p>","protected":false},"excerpt":{"rendered":"<p>LOCATION NOTES: Boca Chica is a little village located 30km more East than Santo Domingo, on the southern coast of the Dominican Republic, a country situated on the island of La Hispaniola, which they share with their neighbours, Haiti is listed as one of the poorest nations in the world. Unfortunately, the relationships between these [&hellip;]<\/p>\n","protected":false},"featured_media":36052,"template":"","jaartal":[25],"type-of-post":[23],"class_list":["post-36051","blog","type-blog","status-publish","has-post-thumbnail","hentry","jaartal-25","ft-schip-tres-hombres","type-of-post-logboek"],"acf":[],"aioseo_notices":[],"_links":{"self":[{"href":"https:\/\/fairtransport.eu\/fr\/wp-json\/wp\/v2\/blog\/36051","targetHints":{"allow":["GET"]}}],"collection":[{"href":"https:\/\/fairtransport.eu\/fr\/wp-json\/wp\/v2\/blog"}],"about":[{"href":"https:\/\/fairtransport.eu\/fr\/wp-json\/wp\/v2\/types\/blog"}],"version-history":[{"count":0,"href":"https:\/\/fairtransport.eu\/fr\/wp-json\/wp\/v2\/blog\/36051\/revisions"}],"wp:featuredmedia":[{"embeddable":true,"href":"https:\/\/fairtransport.eu\/fr\/wp-json\/wp\/v2\/media\/36052"}],"wp:attachment":[{"href":"https:\/\/fairtransport.eu\/fr\/wp-json\/wp\/v2\/media?parent=36051"}],"wp:term":[{"taxonomy":"jaartal","embeddable":true,"href":"https:\/\/fairtransport.eu\/fr\/wp-json\/wp\/v2\/jaartal?post=36051"},{"taxonomy":"type-of-post","embeddable":true,"href":"https:\/\/fairtransport.eu\/fr\/wp-json\/wp\/v2\/type-of-post?post=36051"}],"curies":[{"name":"wp","href":"https:\/\/api.w.org\/{rel}","templated":true}]}}