{"id":36021,"date":"2021-09-13T12:04:54","date_gmt":"2021-09-13T10:04:54","guid":{"rendered":"https:\/\/fairtransport.eu\/blog\/observations-by-captain-anne-flore-gannat\/"},"modified":"2022-09-23T14:50:20","modified_gmt":"2022-09-23T12:50:20","slug":"observations-du-capitaine-anne-flore-gannat","status":"publish","type":"blog","link":"https:\/\/fairtransport.eu\/fr\/blog\/observations-by-captain-anne-flore-gannat\/","title":{"rendered":"Observations (par la capitaine Anne-Flore Gannat)"},"content":{"rendered":"<div>\n<p>Les matin\u00e9es sont grises, les apr\u00e8s-midis sont ensoleill\u00e9es.<\/p>\n<p>Probablement un effet des changements de temp\u00e9rature.<\/p>\n<p>Brouillard dense par moments et sons de klaxons provenant de cr\u00e9atures invisibles.<\/p>\n<p>La Lune grandit chaque jour parmi les \u00e9toiles.<\/p>\n<p>Les pains l\u00e8vent bien, d\u00e9bordent dans le fond du four et sont d\u00e9licieux.<br \/>\nLes quatre bo\u00eetes de th\u00e9 et de caf\u00e9 sont tr\u00e8s souvent remplies en raison des \u00e9t\u00e9s glacials annuels en mer du Nord.<\/p>\n<p>Les histoires et les rires nocturnes vont bien dans plusieurs directions.<br \/>\nL&#039;\u00e9quipage fier vire de bord comme s&#039;il s&#039;agissait d&#039;un jouet pour enfants.<\/p>\n<p>Faucons et oiseaux osent s&#039;arr\u00eater sur le pont ou sur les vergues et s&#039;envoler lorsque l&#039;on \u00e9volue sur la toile.<\/p>\n<p>L&#039;exp\u00e9rience culinaire est encore un plaisir de nos jours.<br \/>\nDouze maquereaux ont fini dans le four, il en manquait deux\u2026 \u00e0 la demande des v\u00e9g\u00e9tariens, ils les ont r\u00e9cup\u00e9r\u00e9s pour le repas suivant. Oui, les saucisses ont \u00e9galement \u00e9t\u00e9 partag\u00e9es.<\/p>\n<p>Beaut\u00e9 et s\u00e9r\u00e9nit\u00e9 des cordes tendues et des lignes slack, debout ou en courant, pr\u00eates \u00e0 \u00eatre activ\u00e9es, \u00e0 toucher.<br \/>\nTous ne sont pas cens\u00e9s \u00eatre adopt\u00e9s, mais ils sont n\u00e9anmoins essentiels.<\/p>\n<p>Myst\u00e8re de la vie, quel est le message envoy\u00e9 lorsque le vent ne se transforme pas en un chemin commode.<br \/>\nD&#039;accord, la commodit\u00e9 est dict\u00e9e par la nature. Trouvez l&#039;ing\u00e9niosit\u00e9 et puisez dans les profondeurs.<br \/>\nEtant une goutte d&#039;eau dans cette immensit\u00e9, un grain de poussi\u00e8re sur la plan\u00e8te et j&#039;oublie de trouver des raisons \u00e0 chaque chose.<\/p>\n<p>Allez simplement sur les ch\u00e8res mers.<\/p>\n<p>Observez simplement.<\/p>\n<p>Sentinelle du lointain.<\/p>\n<p>UN F<\/p>\n<\/div>\n<p><a href=\"https:\/\/fairtransport.eu\/fr\/webshop\/\">Aimez-vous lire les aventures de notre \u00e9quipage? Imaginez \u00eatre l\u00e0 lorsque vous d\u00e9gustez nos produits chez vous !<\/a><\/p>","protected":false},"excerpt":{"rendered":"<p>Mornings are grey, afternoons are sunny. Probably an effect from temperature changes. Dense fog at times and horn sound from invisible creatures. The Moon is growing each day among the stars. Breads rise well and overflow into the bottom of the oven and are delicious. The four cans of tea and coffee are very often [&hellip;]<\/p>\n","protected":false},"featured_media":36022,"template":"","jaartal":[922],"type-of-post":[23],"class_list":["post-36021","blog","type-blog","status-publish","has-post-thumbnail","hentry","jaartal-922","ft-schip-tres-hombres","type-of-post-logboek"],"acf":[],"aioseo_notices":[],"_links":{"self":[{"href":"https:\/\/fairtransport.eu\/fr\/wp-json\/wp\/v2\/blog\/36021","targetHints":{"allow":["GET"]}}],"collection":[{"href":"https:\/\/fairtransport.eu\/fr\/wp-json\/wp\/v2\/blog"}],"about":[{"href":"https:\/\/fairtransport.eu\/fr\/wp-json\/wp\/v2\/types\/blog"}],"version-history":[{"count":0,"href":"https:\/\/fairtransport.eu\/fr\/wp-json\/wp\/v2\/blog\/36021\/revisions"}],"wp:featuredmedia":[{"embeddable":true,"href":"https:\/\/fairtransport.eu\/fr\/wp-json\/wp\/v2\/media\/36022"}],"wp:attachment":[{"href":"https:\/\/fairtransport.eu\/fr\/wp-json\/wp\/v2\/media?parent=36021"}],"wp:term":[{"taxonomy":"jaartal","embeddable":true,"href":"https:\/\/fairtransport.eu\/fr\/wp-json\/wp\/v2\/jaartal?post=36021"},{"taxonomy":"type-of-post","embeddable":true,"href":"https:\/\/fairtransport.eu\/fr\/wp-json\/wp\/v2\/type-of-post?post=36021"}],"curies":[{"name":"wp","href":"https:\/\/api.w.org\/{rel}","templated":true}]}}