{"id":36005,"date":"2021-08-06T11:12:43","date_gmt":"2021-08-06T09:12:43","guid":{"rendered":"https:\/\/fairtransport.eu\/blog\/good-progress-in-here-through-the-english-channel-by-captain-anne-flore-gannat\/"},"modified":"2022-09-23T14:50:21","modified_gmt":"2022-09-23T12:50:21","slug":"bon-progres-ici-a-travers-la-manche-par-la-capitaine-anne-flore-gannat","status":"publish","type":"blog","link":"https:\/\/fairtransport.eu\/fr\/blog\/good-progress-in-here-through-the-english-channel-by-captain-anne-flore-gannat\/","title":{"rendered":"Belle progression ici \u00e0 travers la Manche (par la capitaine Anne-Flore Gannat)"},"content":{"rendered":"<p>Nous avons d\u00e9pass\u00e9 la longitude du Havre.<\/p>\n<p>Sous le vent pendant quelques jours. Les carr\u00e9s sont contrevent\u00e9s en carr\u00e9. Le hunier aurique monte et descend au gr\u00e9 des besoins des petits grains. Et le Royal n&#039;a pas servi pendant quelques heures autour de l&#039;\u00eele d&#039;Ouessant.<br \/>\nLe paysage a juste mordu l&#039;\u00e9cran. Des roches dentaires ont \u00e9merg\u00e9 de la mer \u00e9cumeuse o\u00f9 les vagues se brisent continuellement. De nombreux phares apparaissaient au-dessus des falaises.<br \/>\nLes plus c\u00e9l\u00e8bres de France sont ici, associant leurs yeux et leurs lumi\u00e8res attentifs aux marins attir\u00e9s qui tentent de se tenir \u00e0 l&#039;\u00e9cart.<\/p>\n<p>Aujourd&#039;hui c&#039;\u00e9tait une journ\u00e9e ensoleill\u00e9e, l&#039;\u00e9quipage joue \u00e0 un quiz tout en manipulant les voiles. L\u2019id\u00e9e est d\u2019aller vers le rapport appropri\u00e9 lorsqu\u2019un ordre est donn\u00e9 de mettre ou d\u2019\u00e9teindre. Mettre le cap sur<span style=\"color: #000000;\"> entra\u00eenement. Chaque<\/span> la journ\u00e9e est un d\u00e9fi. L&#039;anticipation est une loi dans la mesure o\u00f9 se charge une montre.<\/p>\n<p><span style=\"color: #000000;\">Notre <\/span>le cuisinier Jeroen avait son jour de cong\u00e9 hebdomadaire. \u00c0 chaque montre, un des membres de l&#039;\u00e9quipage prend le relais et r\u00e9alise \u00e0 quel point le travail du cuisinier est intense, tandis que Jeroen rafra\u00eechit son inspiration pour le lendemain.<br \/>\nUne \u00e9quipe suisse-allemande est en 200% en train de nettoyer la cuisine apr\u00e8s un repas et cela semble \u00eatre une exp\u00e9rience amusante.<\/p>\n<p>Le coucher de soleil orange est un cadeau en fin de journ\u00e9e et initie le d\u00e9but de la nuit. Demain nous passerons Calais-Douvres-D\u00e9troit sur un seul bord pouss\u00e9 par le bon vent.<\/p>\n<p><span class=\"im\"><span style=\"color: #ff0000;\"><span style=\"color: #000000;\">Le <span class=\"il\">bateau<\/span> apporte les ailes \u00e0 ceux qui ont besoin d&#039;unit\u00e9 parce qu&#039;elle s&#039;en va quand les mains sont sur elle, la soutenant, la portant, avan\u00e7ant, pardonnant. Puissant pour donner du sens.<\/span>\u00a0<\/span><\/span>Bateaux, mers et \u00e2mes sal\u00e9es.<\/p>\n<p>&nbsp;<\/p>\n<p><a href=\"https:\/\/fairtransport.eu\/fr\/webshop\/\">Aimez-vous lire les aventures de notre \u00e9quipage? Imaginez \u00eatre l\u00e0 lorsque vous d\u00e9gustez nos produits chez vous !<\/a><\/p>","protected":false},"excerpt":{"rendered":"<p>We passed Le Havre longitude. Downwind for a few days. The squares are braced square. Gaff topsail is going up and down following needs from little squalls. And the Royal was not in use for a few hours around Ouessant island. The scenery just bit the screen. Teeth rocks emerged from the foamy sea where [&hellip;]<\/p>\n","protected":false},"featured_media":36006,"template":"","jaartal":[922],"type-of-post":[23],"class_list":["post-36005","blog","type-blog","status-publish","has-post-thumbnail","hentry","jaartal-922","ft-schip-tres-hombres","type-of-post-logboek"],"acf":[],"aioseo_notices":[],"_links":{"self":[{"href":"https:\/\/fairtransport.eu\/fr\/wp-json\/wp\/v2\/blog\/36005","targetHints":{"allow":["GET"]}}],"collection":[{"href":"https:\/\/fairtransport.eu\/fr\/wp-json\/wp\/v2\/blog"}],"about":[{"href":"https:\/\/fairtransport.eu\/fr\/wp-json\/wp\/v2\/types\/blog"}],"version-history":[{"count":0,"href":"https:\/\/fairtransport.eu\/fr\/wp-json\/wp\/v2\/blog\/36005\/revisions"}],"wp:featuredmedia":[{"embeddable":true,"href":"https:\/\/fairtransport.eu\/fr\/wp-json\/wp\/v2\/media\/36006"}],"wp:attachment":[{"href":"https:\/\/fairtransport.eu\/fr\/wp-json\/wp\/v2\/media?parent=36005"}],"wp:term":[{"taxonomy":"jaartal","embeddable":true,"href":"https:\/\/fairtransport.eu\/fr\/wp-json\/wp\/v2\/jaartal?post=36005"},{"taxonomy":"type-of-post","embeddable":true,"href":"https:\/\/fairtransport.eu\/fr\/wp-json\/wp\/v2\/type-of-post?post=36005"}],"curies":[{"name":"wp","href":"https:\/\/api.w.org\/{rel}","templated":true}]}}