{"id":35995,"date":"2021-04-08T12:12:37","date_gmt":"2021-04-08T10:12:37","guid":{"rendered":"https:\/\/fairtransport.eu\/blog\/vulkane-und-graffiti-by-david-schynoll\/"},"modified":"2022-09-23T14:50:22","modified_gmt":"2022-09-23T12:50:22","slug":"volcan-et-graffitis-par-david-schynoll","status":"publish","type":"blog","link":"https:\/\/fairtransport.eu\/fr\/blog\/vulkane-und-graffiti-by-david-schynoll\/","title":{"rendered":"Vulkane et Graffiti (Par David Schynoll)"},"content":{"rendered":"<p>24 jours apr\u00e8s avoir vu, puis fin de journ\u00e9e \u00ab Land in Sight \u00bb.<\/p>\n<p>Il est important d\u2019avoir une tra\u00een\u00e9e plus brillante, visible depuis l\u2019horizon. Aux premi\u00e8res lueurs du matin, le \u00ab groupe interm\u00e9diaire \u00bb des A\u00e7ores sera toujours plus deutlicher pour nous.<br \/>\nEn soi, ce sont des caract\u00e9ristiques frappantes du paysage escarp\u00e9 avec plus de magasins, des photos prises depuis les nuages et nous continuerons notre voyage en direction du port.<br \/>\nBegleitet von eeninigen Delfinen segeln wir mit nur trois gesetzten Segeln, comme dans Zeitlupe, zwischen de l&#039;impressionnante Kulisse de Vulkaninseln hindurch et se trouvaient dans des ports \u00e0 l&#039;abri de simples Schleppbooten \u00e0 Empfang pris et amen\u00e9s \u00e0 une place de Li\u00e8ge priv\u00e9e. Leinen fest et sofort die first Schritte an Land. Puisqu&#039;ils aiment s&#039;approcher d&#039;un pont, les Schaukeln des Schiffs s&#039;en rendent compte.<br \/>\nVous passerez votre temps avec le capitaine pendant votre repas avec de d\u00e9licieuses collations et une bouteille de rhum.<\/p>\n<p>De nouveaux jours seront pass\u00e9s aux A\u00e7ores, car nous passerons un bon moment et profiterons du vent, pour pouvoir continuer \u00e0 avancer vers l&#039;Europe. Neun Tage hier am Rande der Zivilisation, auf diesem kleineen Vorposten Europas mitten im gro\u00dfen weiten Blau. Die Mischung aus ge\u00fctlichem portugiesischen Lebensgef\u00fchl, associ\u00e9 \u00e0 l&#039;atmosph\u00e8re ouverte et conviviale d&#039;un Hafenstadt, machen unseren afenthalt \u00e0 Horta, d&#039;environ 7 500 Einwohner small Hauptstadt Faials pour une exp\u00e9rience compl\u00e8te. Ils passent beaucoup de temps ici avec de petites et grandes sommes d&#039;argent pour leur atlantik\u00fcberquerungen Halt.<br \/>\nCeux qui couvrent tout le port de graffitis (Graffito), traditionnellement trait\u00e9s comme des seglerns, s\u00e8ment le davon. Ces photos, drapeaux et souvenirs, y compris les photos des ports, pr\u00e9servent l&#039;histoire de l&#039;\u00eele et voyagent avec un charme particulier.<\/p>\n<p>Neben einen Reperaturen and Instandhaltungsarbeiten, die am Schiff zu tuen, haben wir new Zeit, die Insel zu erkunden. Les bons contacts du tournevis vous permettront de profiter de r\u00e9sultats parfaits avec vos propres outils. Particuli\u00e8rement percutants, ils ont fait tomber un crat\u00e8re, qui \u00e9tait \u00e0 l&#039;origine d&#039;activit\u00e9s volcaniques vivantes. Un monde entier, le territoire de la r\u00e9gion est le plus jeune Ausbruchsgebiet. Et une vue du monde perdu sur une longue p\u00e9riode de temps, au bord des 500 m de profondeur et des 2 km du crat\u00e8re principal. Les mensonges immobiles et mystiques du vert, comme une grande partie des esp\u00e8ces end\u00e9miques (que l&#039;on trouve maintenant ici) Pflanzen- und Tierarten besiedelte Krater pour nous. Une fois que vous aurez pris une photo de groupe, vous verrez plus d\u2019informations sur la place pique-nique. Ici, sur la c\u00f4te nord-ouest, vous pouvez profiter de toute l&#039;\u00eele pour un pique-nique et un barbecue. Nous pouvons prendre notre repas avec un Gin Tonic au Segler-Bar \u00ab Peter&#039;s Cafe \u00bb voisin de notre r\u00e9gion.<\/p>\n<p>Une semaine passionnante et une merveilleuse exp\u00e9rience pendant les vacances avec deux nouveaux \u00e9quipiers sur une planche avec vue et plaisir sous le clin d&#039;\u0153il de vacances qui seront sp\u00e9ciales dans un futur proche. \u00c0 proximit\u00e9 de Ziel\u00a0:\u00a0Amsterdam. Ankunftszeit\u00a0: inconnu. Nous savons d\u00e9sormais que le vent et la m\u00e9t\u00e9o sont forts et que nous pouvons tirer le meilleur parti des deux.<\/p>\n<p>&nbsp;<\/p>\n<p><a href=\"https:\/\/fairtransport.eu\/fr\/webshop\/\">Aimez-vous lire les aventures de notre \u00e9quipage? Imaginez \u00eatre l\u00e0 lorsque vous d\u00e9gustez nos produits chez vous !<\/a><\/p>","protected":false},"excerpt":{"rendered":"<p>24 Tage auf See, dann hei\u00dft es endlich wieder &#8220;Land in Sicht&#8221;. Zuerst nur ein Streifen verwaschener Lichter, die sich am Horizont abzeichnen. Mit dem ersten Grauen des Morgens streckt sich die &#8220;mittlere&#8221; Inselgruppe der Azoren dann immer deutlicher vor uns aus. Bis sich schlie\u00dflich die markanten Umrisse des steil aus dem Meer emporsteigenden, Pico&#8217;s [&hellip;]<\/p>\n","protected":false},"featured_media":35996,"template":"","jaartal":[922],"type-of-post":[23],"class_list":["post-35995","blog","type-blog","status-publish","has-post-thumbnail","hentry","jaartal-922","ft-schip-tres-hombres","type-of-post-logboek"],"acf":[],"aioseo_notices":[],"_links":{"self":[{"href":"https:\/\/fairtransport.eu\/fr\/wp-json\/wp\/v2\/blog\/35995","targetHints":{"allow":["GET"]}}],"collection":[{"href":"https:\/\/fairtransport.eu\/fr\/wp-json\/wp\/v2\/blog"}],"about":[{"href":"https:\/\/fairtransport.eu\/fr\/wp-json\/wp\/v2\/types\/blog"}],"version-history":[{"count":0,"href":"https:\/\/fairtransport.eu\/fr\/wp-json\/wp\/v2\/blog\/35995\/revisions"}],"wp:featuredmedia":[{"embeddable":true,"href":"https:\/\/fairtransport.eu\/fr\/wp-json\/wp\/v2\/media\/35996"}],"wp:attachment":[{"href":"https:\/\/fairtransport.eu\/fr\/wp-json\/wp\/v2\/media?parent=35995"}],"wp:term":[{"taxonomy":"jaartal","embeddable":true,"href":"https:\/\/fairtransport.eu\/fr\/wp-json\/wp\/v2\/jaartal?post=35995"},{"taxonomy":"type-of-post","embeddable":true,"href":"https:\/\/fairtransport.eu\/fr\/wp-json\/wp\/v2\/type-of-post?post=35995"}],"curies":[{"name":"wp","href":"https:\/\/api.w.org\/{rel}","templated":true}]}}