{"id":35968,"date":"2020-12-21T16:41:55","date_gmt":"2020-12-21T15:41:55","guid":{"rendered":"https:\/\/fairtransport.eu\/blog\/gestern-und-morgen-by-deniz-baser\/"},"modified":"2022-09-23T14:50:34","modified_gmt":"2022-09-23T12:50:34","slug":"etoiles-et-demain-par-deniz-baser","status":"publish","type":"blog","link":"https:\/\/fairtransport.eu\/fr\/blog\/gestern-und-morgen-by-deniz-baser\/","title":{"rendered":"Gestern und Morgen (Par Deniz Baser)"},"content":{"rendered":"<p>Gestern und Morgen spielen endlich kein Rolle plus.<\/p>\n<p>Le vent et les puits, le Schiff schukeln, nous aide \u00e0 affronter la beaut\u00e9 des Oz\u00e9ens, \u00e0 vivre le moment si clair, comme le Sonne den Himmel. Je suis fier de la libert\u00e9 de l&#039;art, qui m&#039;est encore m\u00e9connue.<br \/>\nCes vues sont explor\u00e9es depuis longtemps et sont ouvertes jusqu&#039;au m\u00e2t. N&#039;ayez pas peur de vous et de votre environnement au mieux.<\/p>","protected":false},"excerpt":{"rendered":"<p>Gestern und Morgen spielen endlich kein Rolle mehr. Der Wind und die Wellen, die das Schiff schaukeln, welches uns \u00fcber die W\u00fcste des Ozeans tr\u00e4gt, lassen den Moment so klar werden, wie die Sonne den Himmel. Trotz des Korsetts der Routine sp\u00fcre ich die Freiheit auf eine Art, wie sie mir bis jetzt unbekannt war. [&hellip;]<\/p>\n","protected":false},"featured_media":35969,"template":"","jaartal":[918],"type-of-post":[23],"class_list":["post-35968","blog","type-blog","status-publish","has-post-thumbnail","hentry","jaartal-918","ft-schip-tres-hombres","type-of-post-logboek"],"acf":[],"aioseo_notices":[],"_links":{"self":[{"href":"https:\/\/fairtransport.eu\/fr\/wp-json\/wp\/v2\/blog\/35968","targetHints":{"allow":["GET"]}}],"collection":[{"href":"https:\/\/fairtransport.eu\/fr\/wp-json\/wp\/v2\/blog"}],"about":[{"href":"https:\/\/fairtransport.eu\/fr\/wp-json\/wp\/v2\/types\/blog"}],"version-history":[{"count":0,"href":"https:\/\/fairtransport.eu\/fr\/wp-json\/wp\/v2\/blog\/35968\/revisions"}],"wp:featuredmedia":[{"embeddable":true,"href":"https:\/\/fairtransport.eu\/fr\/wp-json\/wp\/v2\/media\/35969"}],"wp:attachment":[{"href":"https:\/\/fairtransport.eu\/fr\/wp-json\/wp\/v2\/media?parent=35968"}],"wp:term":[{"taxonomy":"jaartal","embeddable":true,"href":"https:\/\/fairtransport.eu\/fr\/wp-json\/wp\/v2\/jaartal?post=35968"},{"taxonomy":"type-of-post","embeddable":true,"href":"https:\/\/fairtransport.eu\/fr\/wp-json\/wp\/v2\/type-of-post?post=35968"}],"curies":[{"name":"wp","href":"https:\/\/api.w.org\/{rel}","templated":true}]}}