{"id":35926,"date":"2020-06-01T13:17:56","date_gmt":"2020-06-01T11:17:56","guid":{"rendered":"https:\/\/fairtransport.eu\/blog\/a-north-east-breeze-by-captain-anne-flore-gannat\/"},"modified":"2022-09-23T14:49:31","modified_gmt":"2022-09-23T12:49:31","slug":"une-brise-du-nord-est-par-la-capitaine-anne-flore-gannat","status":"publish","type":"blog","link":"https:\/\/fairtransport.eu\/fr\/blog\/a-north-east-breeze-by-captain-anne-flore-gannat\/","title":{"rendered":"Une brise de Nord-Est (par le Capitaine Anne-Flore Gannat)"},"content":{"rendered":"<p>La brise de NE soufflait d\u00e9j\u00e0 doucement dans la nuit.<\/p>\n<p>Quel merveilleux moment de donner la libert\u00e9 \u00e0 notre ancre rouill\u00e9e qui nous a retenu pendant 48 heures par 25 m de profondeur et de la laisser s\u00e9cher sous un chaud soleil sur la t\u00eate de chat. Une fois que nous avons commenc\u00e9 \u00e0 d\u00e9river, \u00e0 attacher l&#039;ancre et \u00e0 s\u00e9curiser la cha\u00eene chez nous dans le magasin sec, les voiles se sont lev\u00e9es une \u00e0 une dans les airs comme autant de poumons portant le vent pour que nous puissions partir.<br \/>\nNous allons ensemble dans la m\u00eame direction, l&#039;\u00e9quipage, le vent, le courant, la dame noire. Quel changement, l&#039;\u00e9quipage apprend \u00e0 porter le navire au lieu de virer de bord. Toujours autant de motivation \u00e0 passer des heures dans le gr\u00e9ement pour renforcer certains haubans avec du cuir. Cela \u00e9vite que les haubans ne soient endommag\u00e9s par les vergues.<br \/>\nCarr\u00e9 contrevent\u00e9, le plan de voilure laisse appara\u00eetre des \u00e9crans de cin\u00e9ma g\u00e9ants, cachant malheureusement les panneaux solaires l&#039;apr\u00e8s-midi. Le bilan \u00e9lectrique est r\u00e9alis\u00e9 par les \u00e9oliennes. Le g\u00e9n\u00e9rateur a \u00e9t\u00e9 test\u00e9 uniquement pour les exercices de lutte contre l&#039;incendie. Et lorsque je fais le rapport \u00e0 Joburg Traffic sur la capacit\u00e9 des couchettes, l&#039;op\u00e9rateur radio semble surpris par notre petit r\u00e9servoir de 200 litres. \u00ab Ha oui, cargo sans moteur\u2026, souviens-toi de toi \u00bb. Tr\u00e8s agr\u00e9able.<br \/>\nLa nouvelle destination Les Sables d&#039;Olonne allonge un peu notre voyage, accueillie avec plaisir par tous. En raison des conditions m\u00e9t\u00e9orologiques, le passage s&#039;annonce formidable comme actuellement. Il semble tr\u00e8s important aussi de se rapprocher des vignobles par bateau et d&#039;utiliser beaucoup moins les camions sans \u00e2me ! Les fid\u00e8les et charmants destinataires du pr\u00e9cieux vin biodynamique ont h\u00e2te que le pr\u00e9cieux vin biologique et biodynamique soit amen\u00e9 \u00e0 bord ;-).<\/p>","protected":false},"excerpt":{"rendered":"<p>The NE breeze was already blowing gently during the night. What a wonderful moment to give freedom to our rusty anchor who held us for 48 hours in 25 m deep and let her dry under a warm sun on the cat head. Once we started drifting, lashing the anchor and securing the chain at [&hellip;]<\/p>\n","protected":false},"featured_media":35927,"template":"","jaartal":[918],"type-of-post":[23],"class_list":["post-35926","blog","type-blog","status-publish","has-post-thumbnail","hentry","jaartal-918","ft-schip-tres-hombres","type-of-post-logboek"],"acf":[],"aioseo_notices":[],"_links":{"self":[{"href":"https:\/\/fairtransport.eu\/fr\/wp-json\/wp\/v2\/blog\/35926","targetHints":{"allow":["GET"]}}],"collection":[{"href":"https:\/\/fairtransport.eu\/fr\/wp-json\/wp\/v2\/blog"}],"about":[{"href":"https:\/\/fairtransport.eu\/fr\/wp-json\/wp\/v2\/types\/blog"}],"version-history":[{"count":0,"href":"https:\/\/fairtransport.eu\/fr\/wp-json\/wp\/v2\/blog\/35926\/revisions"}],"wp:featuredmedia":[{"embeddable":true,"href":"https:\/\/fairtransport.eu\/fr\/wp-json\/wp\/v2\/media\/35927"}],"wp:attachment":[{"href":"https:\/\/fairtransport.eu\/fr\/wp-json\/wp\/v2\/media?parent=35926"}],"wp:term":[{"taxonomy":"jaartal","embeddable":true,"href":"https:\/\/fairtransport.eu\/fr\/wp-json\/wp\/v2\/jaartal?post=35926"},{"taxonomy":"type-of-post","embeddable":true,"href":"https:\/\/fairtransport.eu\/fr\/wp-json\/wp\/v2\/type-of-post?post=35926"}],"curies":[{"name":"wp","href":"https:\/\/api.w.org\/{rel}","templated":true}]}}