{"id":35914,"date":"2020-04-15T08:20:03","date_gmt":"2020-04-15T06:20:03","guid":{"rendered":"https:\/\/fairtransport.eu\/blog\/moving-towards-the-north-by-logan-mc-manus\/"},"modified":"2022-09-23T14:48:38","modified_gmt":"2022-09-23T12:48:38","slug":"se-deplacer-vers-le-nord-par-logan-mc-manus","status":"publish","type":"blog","link":"https:\/\/fairtransport.eu\/fr\/blog\/moving-towards-the-north-by-logan-mc-manus\/","title":{"rendered":"Vers le Nord (Par Logan Mc Manus)"},"content":{"rendered":"<p>Je vois un ciel gris se profiler dans toutes les directions. Il devient de plus en plus clair que nous nous dirigeons vers le Nord \u00e0 mesure que les temp\u00e9ratures baissent et que les mers commencent \u00e0 perdre leur bleu.<\/p>\n<p>La premi\u00e8re r\u00e9action de mes camarades de bord et moi-m\u00eame est de refl\u00e9ter l&#039;\u00e9tat de notre environnement par notre attitude et nos \u00e9motions\u00a0; Voir gris, sentir gris. Ce n&#039;est cependant pas le processus complet de l&#039;exp\u00e9rience, car des c\u0153urs dor\u00e9s brillent \u00e0 travers les nuages, toujours vers le Soleil alors que nous nous dirigeons vers l&#039;Est.<br \/>\nChaque jour, je suis de plus en plus convaincu que le corps humain est tout simplement adaptable. J&#039;ai appris que c&#039;est le simple pouvoir de la volont\u00e9 qui maintient le corps au chaud et immunis\u00e9, et non le confort \u00e9vident dont nous d\u00e9pendons si facilement de l&#039;ext\u00e9rieur. C&#039;est cette m\u00eame puissance qui permet au navire d&#039;avancer, en prenant simplement une autre forme de concentration et de d\u00e9termination. Si le ciel peut influencer si directement nos \u00e9tats d\u2019\u00eatre int\u00e9rieurs, pourquoi alors nous sentons-nous si incapables de faire de m\u00eame, \u00e0 notre tour, avec le ciel ? Ne sont-ils pas des extensions de notre propre exp\u00e9rience ? Ne sont-ils pas issus du m\u00eame univers infini ?<\/p>\n<p>Oui, je crois que les humains ont effectivement aper\u00e7u le lever du soleil de l&#039;\u00e9ternit\u00e9 et se sont arr\u00eat\u00e9s pour boire aux fontaines de Sion, mais nous restons humains, parfaitement mortels. Il est de notre devoir de subir ce qui perturbe et trouble le monde. C\u2019est l\u2019inconfort qui pousse quelqu\u2019un \u00e0 bouger, tout comme des vents violents gonflent une voile et poussent un navire comme le n\u00f4tre \u00e0 travers les oc\u00e9ans.<\/p>\n<p>Parfois, nous oublions de renouer avec nous-m\u00eames et de penser au-del\u00e0 de notre froideur, mais m\u00eame quand m\u00eame, comme le veulent les saisons toujours changeantes de la nature, il y a toujours un autre stimulant qui se pr\u00e9sente pour d\u00e9tendre l&#039;ambiance, des choses aussi simples qu&#039;un repas chaud au restaurant. la fin d&#039;une veille, de l&#039;eau propre \u00e0 boire, ou la vue de baleines et de dauphins dansant pour nous, nous accueillant \u00e0 la maison. Ces choses remettent en mouvement le cycle de ce potentiel humain, pour surmonter et cr\u00e9er notre propre exp\u00e9rience, \u00e0 travers le rire et le travail d&#039;\u00e9quipe. Vive les Hommes et les Femmes qui voient une aventure dans la temp\u00eate ou une opportunit\u00e9 de semer en terre st\u00e9rile.<\/p>","protected":false},"excerpt":{"rendered":"<p>I see grey skies looming in all directions. It&#8217;s becoming ever more clear that we are moving towards the North as the temperature drops, and the seas start to lose their blue. The first response of my shipmates and I is to reflect the state of our surroundings in attitude and emotion; See grey, feel [&hellip;]<\/p>\n","protected":false},"featured_media":35915,"template":"","jaartal":[918],"type-of-post":[23],"class_list":["post-35914","blog","type-blog","status-publish","has-post-thumbnail","hentry","jaartal-918","ft-schip-tres-hombres","type-of-post-logboek"],"acf":[],"aioseo_notices":[],"_links":{"self":[{"href":"https:\/\/fairtransport.eu\/fr\/wp-json\/wp\/v2\/blog\/35914","targetHints":{"allow":["GET"]}}],"collection":[{"href":"https:\/\/fairtransport.eu\/fr\/wp-json\/wp\/v2\/blog"}],"about":[{"href":"https:\/\/fairtransport.eu\/fr\/wp-json\/wp\/v2\/types\/blog"}],"version-history":[{"count":0,"href":"https:\/\/fairtransport.eu\/fr\/wp-json\/wp\/v2\/blog\/35914\/revisions"}],"wp:featuredmedia":[{"embeddable":true,"href":"https:\/\/fairtransport.eu\/fr\/wp-json\/wp\/v2\/media\/35915"}],"wp:attachment":[{"href":"https:\/\/fairtransport.eu\/fr\/wp-json\/wp\/v2\/media?parent=35914"}],"wp:term":[{"taxonomy":"jaartal","embeddable":true,"href":"https:\/\/fairtransport.eu\/fr\/wp-json\/wp\/v2\/jaartal?post=35914"},{"taxonomy":"type-of-post","embeddable":true,"href":"https:\/\/fairtransport.eu\/fr\/wp-json\/wp\/v2\/type-of-post?post=35914"}],"curies":[{"name":"wp","href":"https:\/\/api.w.org\/{rel}","templated":true}]}}