{"id":35910,"date":"2020-03-03T12:02:39","date_gmt":"2020-03-03T11:02:39","guid":{"rendered":"https:\/\/fairtransport.eu\/blog\/ready-about-helms-alee-by-lenno-visser-2nd-mate\/"},"modified":"2022-09-23T14:48:52","modified_gmt":"2022-09-23T12:48:52","slug":"pret-pour-les-casques-alee-par-lenno-visser-2eme-compagnon","status":"publish","type":"blog","link":"https:\/\/fairtransport.eu\/fr\/blog\/ready-about-helms-alee-by-lenno-visser-2nd-mate\/","title":{"rendered":"&quot;Pr\u00eat!\u2026 Helm&#039;s Alee !!&quot; (par Lenno Visser, 2e lieutenant)"},"content":{"rendered":"<p class=\"\" data-pm-slice=\"1 1 []\">Maintenant, normalement, je faisais \u00e9cho \u00e0 ces commandes uniquement pour m&#039;assurer que tout le monde en position savait exactement ce qui se passait et que le navire \u00e9tait maintenant engag\u00e9 dans le prochain virement de bord, mais maintenant, il se trouve que c&#039;est moi, debout \u00e0 la barre, qui fait Alee et je suis pas l&#039;\u00e9cho mais l&#039;instigateur alors que je fais tourner rapidement la roue.<\/p>\n<p>&quot;D\u00e9tendez les voiles d&#039;avant!&quot;<\/p>\n<p>Alors que la barre s&#039;arr\u00eate, je me tourne pour saisir l&#039;\u00e9coute de grand-voile et je la tire pour amener la grand-voile au milieu afin de donner plus de pression sur l&#039;arri\u00e8re et de m&#039;assurer que la proue passera \u00e0 travers le vent. Un rapide coup d&#039;\u0153il par-dessus mon \u00e9paule avant de faire vite pour regarder le drapeau, faire vite et puis ce moment.<br \/>\nAlors que tout se calme, Passera-t-elle avec son gros ventre plein de rhum ?\u2026<\/p>\n<p>Voil\u00e0, qui dit la queue dans ses voiles et ce premier l\u00e9ger balancement vers l&#039;autre proue.<br \/>\n\u00ab\u00a0L\u00e2chez prise et transportez\u00a0!\u00a0\u00bb \u00ab Virez les voiles d&#039;avant ! \u00bb Faites tourner la barre vers le milieu et je rel\u00e2che la grand-voile sur le nouveau amure tandis que sur le pont, le matelot commence \u00e0 crier quelle attelle est rapide et pour le c\u00f4t\u00e9 oppos\u00e9 \u00e0 \u00ab D\u00e9tendez-vous, faites vite \u00bb.<br \/>\nQuelqu&#039;un est d\u00e9j\u00e0 en train de changer les remont\u00e9es m\u00e9caniques et les mi-s\u00e9jours sont \u00e9galement abord\u00e9s par celui qui a termin\u00e9 en premier avec sa station.<br \/>\nEt tandis que je corrige mon survirage, le Tres reprend lentement de la vitesse et se met dans le mouvement de la mer et le niveau d&#039;\u00e9nergie qui accompagne le virement de bord d&#039;un voilier \u00e0 gr\u00e9ement carr\u00e9 avec seulement 6 personnes diminue lentement \u00e0 mesure que son pont se redresse.<br \/>\nBon sang, c&#039;est cool.<\/p>\n<p>Il y a deux ans, je n&#039;aurais jamais pens\u00e9 que j&#039;occuperais ce poste \u00e0 la barre, en charge de mon propre quart, dirigeant le navire vers Boca Chica, o\u00f9 a commenc\u00e9 mon aventure particuli\u00e8re.<br \/>\nIl y a deux ans, lorsque j&#039;ai embarqu\u00e9 pour la premi\u00e8re fois sur ce beau bateau et que j&#039;ai appris \u00e0 naviguer avec mon ami Jorne, c&#039;\u00e9tait un moyen int\u00e9ressant de retourner en Europe apr\u00e8s avoir fait de la randonn\u00e9e pendant un certain temps dans la nature sauvage de la Nouvelle-Z\u00e9lande et des \u00c9tats-Unis.<br \/>\nIl y a deux ans, quelque chose a raviv\u00e9 ce qui n&#039;\u00e9tait initialement pr\u00e9vu que comme une fa\u00e7on amusante de revisiter l&#039;ancienne passion pour la voile traditionnelle avec l&#039;homme qui avait commenc\u00e9 pour moi 20 ans plus t\u00f4t.<br \/>\nDeux superbes ann\u00e9es d&#039;aventures, d&#039;histoires, de belles photos, de nouveaux amis, d&#039;opportunit\u00e9s incroyables et de nouveaux endroits \u00e0 visiter.<\/p>\n<p>Et je suis tr\u00e8s conscient des opportunit\u00e9s qui m&#039;ont \u00e9t\u00e9 offertes dans cette entreprise, de b\u00e9n\u00e9vole \u00e0 matelot et de matelot \u00e0 second (avec un petit cours intensif de r\u00e9\u00e9ducation extr\u00eame au milieu, Merci Enkhuizen :])<br \/>\nJe suis tr\u00e8s reconnaissant d&#039;avoir la chance de travailler sur ces beaux navires et de la confiance que je ressens de la part des personnes d\u00e9j\u00e0 impliqu\u00e9es de nombreuses ann\u00e9es avant mon arriv\u00e9e.<\/p>\n<p>Je retourne sur le pont maintenant pour qu&#039;on puisse mettre plus de voiles, donc je termine avec \u00e7a\u2026<\/p>\n<p>Deux ans se sont \u00e9coul\u00e9s depuis que je suis tomb\u00e9 amoureux d&#039;une femme extraordinaire au sang sal\u00e9 qui illumine ma vie, 2 beaut\u00e9s \u00e0 la coque noire, une entreprise, une mission et je suppose une carri\u00e8re\u2026 et c&#039;est bien plus que ce que j&#039;avais esp\u00e9r\u00e9. r\u00eave pour la premi\u00e8re fois que j&#039;ai march\u00e9 sur ces planches.<\/p>\n<p>J&#039;ai h\u00e2te de d\u00e9couvrir la suite.<\/p>\n<p>Lenno Visser, 2e lieutenant.<\/p>","protected":false},"excerpt":{"rendered":"<p>Now, normally I would only echo these commands to help make sure everyone on position knew exactly what was happening and that the ship now was committed to the upcoming tack but now it happens to be me standing at that helm that is going Alee and I am not the echo but the instigator [&hellip;]<\/p>\n","protected":false},"featured_media":35911,"template":"","jaartal":[918],"type-of-post":[23],"class_list":["post-35910","blog","type-blog","status-publish","has-post-thumbnail","hentry","jaartal-918","ft-schip-tres-hombres","type-of-post-logboek"],"acf":[],"aioseo_notices":[],"_links":{"self":[{"href":"https:\/\/fairtransport.eu\/fr\/wp-json\/wp\/v2\/blog\/35910","targetHints":{"allow":["GET"]}}],"collection":[{"href":"https:\/\/fairtransport.eu\/fr\/wp-json\/wp\/v2\/blog"}],"about":[{"href":"https:\/\/fairtransport.eu\/fr\/wp-json\/wp\/v2\/types\/blog"}],"version-history":[{"count":0,"href":"https:\/\/fairtransport.eu\/fr\/wp-json\/wp\/v2\/blog\/35910\/revisions"}],"wp:featuredmedia":[{"embeddable":true,"href":"https:\/\/fairtransport.eu\/fr\/wp-json\/wp\/v2\/media\/35911"}],"wp:attachment":[{"href":"https:\/\/fairtransport.eu\/fr\/wp-json\/wp\/v2\/media?parent=35910"}],"wp:term":[{"taxonomy":"jaartal","embeddable":true,"href":"https:\/\/fairtransport.eu\/fr\/wp-json\/wp\/v2\/jaartal?post=35910"},{"taxonomy":"type-of-post","embeddable":true,"href":"https:\/\/fairtransport.eu\/fr\/wp-json\/wp\/v2\/type-of-post?post=35910"}],"curies":[{"name":"wp","href":"https:\/\/api.w.org\/{rel}","templated":true}]}}