{"id":35878,"date":"2020-01-02T00:00:00","date_gmt":"2020-01-01T23:00:00","guid":{"rendered":"https:\/\/fairtransport.eu\/blog\/verjaardag-wiebe-radstake\/"},"modified":"2022-09-23T14:48:53","modified_gmt":"2022-09-23T12:48:53","slug":"anniversaire-wiebe-radstake","status":"publish","type":"blog","link":"https:\/\/fairtransport.eu\/fr\/blog\/verjaardag-wiebe-radstake\/","title":{"rendered":"Anniversaire (Wiebe Radstake)"},"content":{"rendered":"<p class=\"\" data-pm-slice=\"1 1 []\">Aujourd&#039;hui 2 janvier, je f\u00eate mes 30 ans, mon anniversaire pour la 3\u00e8me fois sur les Tres Hombres, pour la premi\u00e8re fois au milieu de l&#039;Oc\u00e9an, pour la premi\u00e8re fois en tant que capitaine. Et les journ\u00e9es sont comme n&#039;importe quelle autre journ\u00e9e sur l&#039;oc\u00e9an, un autre magnifique lever de soleil tandis que le quart \u00e0 b\u00e2bord termine son quart matinal en mangeant du porridge avec des bananes frites au petit-d\u00e9jeuner. Des petits soucis du quotidien comme : les filtres \u00e0 caf\u00e9 sont introuvables donc on doit verser le caf\u00e9 avec le filtre r\u00e9utilisable (ce qui prend quelques minutes de plus), on peut en parler des heures durant les veilles de nuit.<br \/>\nUn transfert de garde entre le Port et Starbord. Un plan de la journ\u00e9e avec les timoniers et le ma\u00eetre d&#039;\u00e9quipage. Nous voulons encore plus de voiles, c&#039;est pourquoi des plans sont en cours d&#039;\u00e9laboration pour des voiles suppl\u00e9mentaires autour du Royal. Je lis les \u0153uvres compl\u00e8tes de Tourgueniev, j&#039;\u00e9coute Leonard Cohen, je regarde la mer. Joyeux anniversaire est chant\u00e9 et au-del\u00e0 ? De plus, l\u2019oc\u00e9an continue de onduler, mais les aliz\u00e9s continuent de souffler.<br \/>\n30 ans, ma vingtaine est r\u00e9volue : il y a dix ans, j&#039;\u00e9tais encore \u00e0 l&#039;\u00e9cole d&#039;art, je faisais des f\u00eates sans fin au parc portuaire de Zierikzee, je ne faisais m\u00eame pas beaucoup de voile \u00e0 cette \u00e9poque. Apr\u00e8s l\u2019\u00e9cole d\u2019art, j\u2019en avais marre du monde de l\u2019art et tout ce que je voulais, c\u2019\u00e9tait naviguer, naviguer, naviguer. Je ne cherchais pas la gloire mais la libert\u00e9. J&#039;ai d&#039;abord fait de la voile aux Pays-Bas : dans le delta de Z\u00e9lande, l&#039;Ijsselmeer et la mer des Wadden, puis j&#039;ai fait la connaissance des Tres Hombres. \u00c0 Vlissingen, le navire \u00e9tait amarr\u00e9 au festival Sail de Ruyter o\u00f9 je me suis \u00e9galement amarr\u00e9 avec une barge. Si je ne pouvais m\u00eame pas venir pour une fois, oui, demain \u00e9tait la r\u00e9ponse. Et c&#039;est l\u00e0 que tout a commenc\u00e9, de Vlissingen \u00e0 Den Helder, en traversant une mer du Nord tr\u00e8s fr\u00e9quent\u00e9e. Cette m\u00eame ann\u00e9e, je faisais ma premi\u00e8re travers\u00e9e oc\u00e9anique et tout \u00e0 coup tout \u00e9tait clair. Ce vide incroyable, hors de la soci\u00e9t\u00e9, rien que de l&#039;eau pendant des jours : c&#039;\u00e9tait \u00e7a ! Appelez cela de la romance, appelez cela la prise de conscience que l\u2019homme est une si petite chose dans un tout plus vaste.<br \/>\nAujourd&#039;hui, plus de dix travers\u00e9es plus tard, je navigue en tant que capitaine sur ce beau navire. 30 ans et \u00eatre capable de faire quelque chose d\u2019aussi beau, je n\u2019aurais jamais pu imaginer cela il y a dix ans. En attendant, tant d&#039;autres exp\u00e9riences, apprendre \u00e0 conna\u00eetre Suzan, transformer un bus \u00e0 imp\u00e9riale en maison, jouer de la musique autant que possible, voyager autant, rencontrer tant de gens, voir tant de mer.<br \/>\nEt puis il y a une autre grande nouvelle que je voudrais partager depuis la mer, juste avant de partir pour ce tour oc\u00e9anique avec les Tres Hombres nous avons appris que Suzan \u00e9tait enceinte. Cela nous rend incroyablement heureux. C&#039;est \u00e9trange de s&#039;asseoir sur les Tres Hombres pendant que se font les premi\u00e8res \u00e9chographies, elle a entendu son c\u0153ur battre pour la premi\u00e8re fois, c&#039;est irr\u00e9el de la revoir seulement en mai sur quelque quai de Hollande avec un gros ventre, mais nous se feront signe.<br \/>\nJe serai papa fin juin. Ici, sur le pont, je construis un berceau avec Jeroen le ma\u00eetre d&#039;\u00e9quipage. A quoi ressemble la cr\u00e8che ? Comme un bateau : un voilier bien s\u00fbr, fabriqu\u00e9 \u00e0 partir de d\u00e9chets de bois trouv\u00e9s sur les diff\u00e9rentes \u00eeles que nous visitons au cours de ce voyage.<br \/>\nEt o\u00f9 serai-je dans dix ans ? Ou quand j&#039;aurai 60 ans ? Peut-\u00eatre sur l&#039;un des Ecoclippers que Jorne pr\u00e9pare ? Naviguer pr\u00e8s de chez vous \u00e0 travers les Pays-Bas ? Faire de la musique et des po\u00e8mes tout en errant aux Pays-Bas, \u00e0 travers le monde ?<br \/>\nL&#039;avenir ressemble peut-\u00eatre un peu \u00e0 l&#039;oc\u00e9an d&#039;aujourd&#039;hui : des poissons volants, un ciel bleu, 15 voiles de ce navire remplies de vent et 15 personnes heureuses se balan\u00e7ant sur une mer sans fin. Il est possible, et parce que c\u2019est maintenant, c\u2019est maintenant r\u00e9el, que malgr\u00e9 tout le bruit r\u00e9sultant de notre soci\u00e9t\u00e9 capitaliste, des projets comme ce navire soient possibles. Le fait qu\u2019il y ait encore des gens qui se l\u00e8vent, posent la question, mettent de l\u2019\u00e9nergie \u00e0 construire quelque chose d\u2019aussi beau que ce navire, donne de l\u2019espoir : l\u2019espoir d\u2019un avenir radieux. J&#039;esp\u00e8re que mon enfant pourra \u00e9galement naviguer plus tard et qu&#039;il pourra vivre sur une plan\u00e8te qui est \u00e9galement tr\u00e8s belle ici aujourd&#039;hui.<br \/>\nUn salut en mer<br \/>\nWiebe Radstake<\/p>","protected":false},"excerpt":{"rendered":"<p>Vandaag 2 januari vier ik mijn 30e verjaardag, voor de 3e keer mijn verjaardag op de Tres Hombres voor het eerst midden op de Oceaan, voor het eerst als kapitein. En de dagen zijn als alle dagen op de oceaan, een alweer prachtige zonsopgang terwijl de portside watch hun ochtend wacht be\u00ebindigd, pap met gebakken [&hellip;]<\/p>\n","protected":false},"featured_media":35879,"template":"","jaartal":[918],"type-of-post":[23],"class_list":["post-35878","blog","type-blog","status-publish","has-post-thumbnail","hentry","jaartal-918","type-of-post-logboek"],"acf":[],"aioseo_notices":[],"_links":{"self":[{"href":"https:\/\/fairtransport.eu\/fr\/wp-json\/wp\/v2\/blog\/35878","targetHints":{"allow":["GET"]}}],"collection":[{"href":"https:\/\/fairtransport.eu\/fr\/wp-json\/wp\/v2\/blog"}],"about":[{"href":"https:\/\/fairtransport.eu\/fr\/wp-json\/wp\/v2\/types\/blog"}],"version-history":[{"count":0,"href":"https:\/\/fairtransport.eu\/fr\/wp-json\/wp\/v2\/blog\/35878\/revisions"}],"wp:featuredmedia":[{"embeddable":true,"href":"https:\/\/fairtransport.eu\/fr\/wp-json\/wp\/v2\/media\/35879"}],"wp:attachment":[{"href":"https:\/\/fairtransport.eu\/fr\/wp-json\/wp\/v2\/media?parent=35878"}],"wp:term":[{"taxonomy":"jaartal","embeddable":true,"href":"https:\/\/fairtransport.eu\/fr\/wp-json\/wp\/v2\/jaartal?post=35878"},{"taxonomy":"type-of-post","embeddable":true,"href":"https:\/\/fairtransport.eu\/fr\/wp-json\/wp\/v2\/type-of-post?post=35878"}],"curies":[{"name":"wp","href":"https:\/\/api.w.org\/{rel}","templated":true}]}}