{"id":35838,"date":"2019-09-12T00:00:00","date_gmt":"2019-09-11T22:00:00","guid":{"rendered":"https:\/\/fairtransport.eu\/blog\/greetings-from-the-north-biscay-by-rosle\/"},"modified":"2019-09-12T00:00:00","modified_gmt":"2019-09-11T22:00:00","slug":"salutations-du-nord-de-la-biscaye-par-rosle","status":"publish","type":"blog","link":"https:\/\/fairtransport.eu\/fr\/blog\/greetings-from-the-north-biscay-by-rosle\/","title":{"rendered":"Salutations du nord de la Biscaye ! Par Rosle"},"content":{"rendered":"<ul class=\"wp-block-gallery columns-1 is-cropped wp-block-gallery-1 is-layout-flex wp-block-gallery-is-layout-flex\"><li class=\"blocks-gallery-item\"><figure><img decoding=\"async\" src=\"blob:https:\/\/fairtransport.eu\/dc171fe3-d2e9-4c9e-8af3-ddff437b7ee3\"\/><\/figure><\/li><\/ul>\n\n\n\n<p>\n\nNous surfons actuellement sur de longues vagues oc\u00e9aniques, survolons le nord de la Gascogne avec un vent portant de 20 n\u0153uds, 2 ris dans la grand-voile et toutes les voiles d&#039;avant tendues. A 7 n\u0153uds de vitesse, les dauphins sautent autour de nous et nous profitons d&#039;avoir enfin un peu de soleil \u00e0 bord apr\u00e8s 2 jours de fortes pluies, de d\u00e9pression et de vent violent. Nos v\u00eatements s\u00e8chent au vent et nous pouvons enfin prendre le temps de reposer nos os, de profiter du soleil et de r\u00e9fl\u00e9chir \u00e0 la semaine \u00e9coul\u00e9e en mer \u2013 la premi\u00e8re semaine d&#039;un voyage de 2 mois.<\/p>\n\n\n\n<p>D\u00e8s notre deuxi\u00e8me jour de mer, nous affrontions notre premier coup de vent de sud-ouest. Comme si Pos\u00e9idon nous saluait d&#039;un baiser froid et d&#039;une dure gifle, cela s&#039;est av\u00e9r\u00e9 \u00eatre le premier de quatre coups de vent avec ou sans une pause calme entre les deux, retardant notre progression dans le canal.<\/p>\n\n\n\n<p>Nous avons pass\u00e9 7 jours difficiles et magnifiques en mer du Nord et dans la Manche, luttant pour gagner de la hauteur en luttant contre les mar\u00e9es et les vents forts tout en apprenant \u00e0 conna\u00eetre le navire, les rythmes, les quarts, les jours, les nuits et les uns les autres, en transcendant dans le mode de vie \u00e0 la voile. Une vie simple o\u00f9 dormir dans une couchette mouill\u00e9e ne semble pas poser trop de probl\u00e8mes, o\u00f9 l&#039;on se l\u00e8ve uniquement pour enfiler des v\u00eatements de navigation humides et naviguer toute la nuit sous la lanterne rouge sur verte. Un rythme o\u00f9 nos vies consistent \u00e0 faire fonctionner le navire dans son ensemble : r\u00e9gler les voiles \u00e0 la perfection, entretenir le navire et notre corps, prendre soin les uns des autres, lire les nuages et le ciel, rechercher les bons vents et la bonne m\u00e9t\u00e9o en utilisant tous nos sens pour \u00eatre au bon endroit au bon moment avec le navire, l&#039;\u00e9quipage et la m\u00e9t\u00e9o en symbiose.<\/p>\n\n\n\n<p>Avec des conditions de vie simples, nous profitons de la vie avec le luxe et les merveilles de la nature\u00a0: <br>Naviguer sur un oc\u00e9an fluorescent o\u00f9 le pont s&#039;illumine comme une piste de danse magique lorsque le navire g\u00eete. <br>Regarder des \u00e9toiles filantes et voir comment une v\u00e9ritable m\u00e9t\u00e9orite a explos\u00e9 et br\u00fbl\u00e9 dans l&#039;atmosph\u00e8re pendant une veille matinale (!), regarder des dauphins fluorescents jouer sous l&#039;eau dans la nuit noire et profiter des vagues croustillantes et des oiseaux de mer volant pendant que nous volons vers le sud pour Santander.\n\n<\/p>","protected":false},"excerpt":{"rendered":"<p>We&#8217;re currently surfing on long ocean waves, flying through the north Biscay with a 20 knots downwind wind, 2 reefs in the mainsail and all foresails set. With 7 knots speed, dolphins are jumping around us and we are enjoying to finally have some sunshine on board after 2 days of heavy rain, low pressure, [&hellip;]<\/p>\n","protected":false},"featured_media":0,"template":"","jaartal":[913],"type-of-post":[],"class_list":["post-35838","blog","type-blog","status-publish","hentry","jaartal-913"],"acf":[],"aioseo_notices":[],"_links":{"self":[{"href":"https:\/\/fairtransport.eu\/fr\/wp-json\/wp\/v2\/blog\/35838","targetHints":{"allow":["GET"]}}],"collection":[{"href":"https:\/\/fairtransport.eu\/fr\/wp-json\/wp\/v2\/blog"}],"about":[{"href":"https:\/\/fairtransport.eu\/fr\/wp-json\/wp\/v2\/types\/blog"}],"version-history":[{"count":0,"href":"https:\/\/fairtransport.eu\/fr\/wp-json\/wp\/v2\/blog\/35838\/revisions"}],"wp:attachment":[{"href":"https:\/\/fairtransport.eu\/fr\/wp-json\/wp\/v2\/media?parent=35838"}],"wp:term":[{"taxonomy":"jaartal","embeddable":true,"href":"https:\/\/fairtransport.eu\/fr\/wp-json\/wp\/v2\/jaartal?post=35838"},{"taxonomy":"type-of-post","embeddable":true,"href":"https:\/\/fairtransport.eu\/fr\/wp-json\/wp\/v2\/type-of-post?post=35838"}],"curies":[{"name":"wp","href":"https:\/\/api.w.org\/{rel}","templated":true}]}}