{"id":42152,"date":"2024-03-22T18:15:16","date_gmt":"2024-03-22T17:15:16","guid":{"rendered":"https:\/\/fairtransport.eu\/?post_type=blog&#038;p=42152"},"modified":"2024-03-22T18:15:16","modified_gmt":"2024-03-22T17:15:16","slug":"ich-schliese-die-tur-zur-karibik-kapitanin-anne-flore","status":"publish","type":"blog","link":"https:\/\/fairtransport.eu\/de\/blog\/closing-the-door-on-the-caribbean-captain-anne-flore\/","title":{"rendered":"Die T\u00fcr zur Karibik schlie\u00dfen (Kapit\u00e4n Anne-Flore)"},"content":{"rendered":"<p>Wie erwartet wurden wir von einer Front getroffen. Wir schlie\u00dfen die T\u00fcr zur Karibik und \u00f6ffnen die wei\u00dfen Pferde.<\/p>\n<p>Royal rollte am Ende des Nachmittags zusammen. Das Hauptsegel wurde vor der Nacht aufgespannt. Und vor Einbruch der Nacht war etwas Donner zu h\u00f6ren. Gerade rechtzeitig, um mit dem Anbringen der zus\u00e4tzlichen Sicherheitsleinen an Deck und dem Anlegen der Gurte zu beginnen, hat uns ein heftiger Windsto\u00df umgehauen. Wir wippen nach unten, machen uns bereit, und hier rennen wir weg. Das Fass an der Backbordecke des Daches der Komb\u00fcse f\u00fcllt sich schnell mit Regenwasser. Der Blitz verfolgt und schie\u00dft ein paar Stunden lang weiter auf uns. Das Ger\u00e4usch ist extrem laut und scheint aus der Tiefe einer H\u00f6hle zu kommen, wo grollende Wellen ihren Lauf beenden. Die Erde l\u00e4sst uns wissen, dass ihr Herz schl\u00e4gt, und auch unseres, am Rande explodierender Br\u00fcste vor wahrer Freude. Noch einmal Zeuge, immer treu. Vom Meer bis zum Lagerfeuer oder in die Bar, wo wir andere Segler treffen, um Erinnerungen wieder aufleben zu lassen.<\/p>\n<p>Da der Wind aus Nord-Nordost kommt, sind wir seit der Nacht noch f\u00fcr ein paar Tage auf der Backbordseite angelangt. Zwei Riffe im Hauptteil. Der Wind ist nicht so stark, aber das Meer ist ziemlich unruhig, so dass beim Pitchen die Festigkeit der Takelage, des Rumpfes und des Ruders geringer ist. Nur wenige von uns konnten mit dem Regenwasser der Nacht duschen und ein wenig W\u00e4sche waschen.<\/p>\n<p>Die allgemeine Stimmung ist hoch. Die Bermudas hinter sich zu haben und weniger als 1800 Meilen vor uns zu haben, sind beides gute Schritte auf der Reise auf dem Meer. Derzeit k\u00f6nnte die voraussichtliche Ankunftszeit zwischen dem 4. und 7. April liegen.<\/p>\n<p>Frohen Fr\u00fchling, gl\u00fccklicher Widder!!<\/p>\n<p>&nbsp;<\/p>\n<p><a href=\"https:\/\/fairtransport.eu\/de\/webshop\/\">Lesen Sie gerne die Abenteuer unserer Crew? Stellen Sie sich vor, Sie w\u00e4ren dabei, wenn Sie unsere Produkte zu Hause genie\u00dfen w\u00fcrden!<\/a><\/p>","protected":false},"excerpt":{"rendered":"<p>As expected, we have been hit by a\u00a0 front. We are closing the door on the Caribbean and opening the white horses. Royal furled at the end of the afternoon. Main sail brailed up before the night. And before the night, some thunder has been heard. Just in time to start setting the extra deck [&hellip;]<\/p>\n","protected":false},"featured_media":42154,"template":"","jaartal":[978],"type-of-post":[23],"class_list":["post-42152","blog","type-blog","status-publish","has-post-thumbnail","hentry","jaartal-978","ft-schip-tres-hombres","type-of-post-logboek"],"acf":[],"aioseo_notices":[],"_links":{"self":[{"href":"https:\/\/fairtransport.eu\/de\/wp-json\/wp\/v2\/blog\/42152","targetHints":{"allow":["GET"]}}],"collection":[{"href":"https:\/\/fairtransport.eu\/de\/wp-json\/wp\/v2\/blog"}],"about":[{"href":"https:\/\/fairtransport.eu\/de\/wp-json\/wp\/v2\/types\/blog"}],"version-history":[{"count":1,"href":"https:\/\/fairtransport.eu\/de\/wp-json\/wp\/v2\/blog\/42152\/revisions"}],"predecessor-version":[{"id":42155,"href":"https:\/\/fairtransport.eu\/de\/wp-json\/wp\/v2\/blog\/42152\/revisions\/42155"}],"wp:featuredmedia":[{"embeddable":true,"href":"https:\/\/fairtransport.eu\/de\/wp-json\/wp\/v2\/media\/42154"}],"wp:attachment":[{"href":"https:\/\/fairtransport.eu\/de\/wp-json\/wp\/v2\/media?parent=42152"}],"wp:term":[{"taxonomy":"jaartal","embeddable":true,"href":"https:\/\/fairtransport.eu\/de\/wp-json\/wp\/v2\/jaartal?post=42152"},{"taxonomy":"type-of-post","embeddable":true,"href":"https:\/\/fairtransport.eu\/de\/wp-json\/wp\/v2\/type-of-post?post=42152"}],"curies":[{"name":"wp","href":"https:\/\/api.w.org\/{rel}","templated":true}]}}