{"id":39708,"date":"2023-04-03T15:05:51","date_gmt":"2023-04-03T13:05:51","guid":{"rendered":"https:\/\/fairtransport.eu\/?post_type=blog&#038;p=39708"},"modified":"2023-04-26T11:54:55","modified_gmt":"2023-04-26T09:54:55","slug":"sudwind-kapitan-anne-flore-gannat","status":"publish","type":"blog","link":"https:\/\/fairtransport.eu\/de\/blog\/zuidelijke-wind-captain-anne-flore-gannat\/","title":{"rendered":"S\u00fcdwind (Kapit\u00e4n Anne-Flore Gannat)"},"content":{"rendered":"<p>Seit einigen Tagen weht ein anhaltender S\u00fcdwind. Bequem und schnell. Alles was wir brauchen. Eine Unruhefront im Norden wird heute \u00fcber unsere K\u00f6pfe hinwegziehen.<\/p>\n<p>Ich warte heute Nachmittag bei 35 Knoten. W\u00e4hrend der Sturm zunimmt, werden die Segel bis zur Wende nach Nordwesten in aller Stille gehisst. Und dann geht es weiter bei einer angenehm ruhigen Brise.<br \/>\nDie Gruppe ist an die Man\u00f6ver und Routine gew\u00f6hnt, auch die beiden neuen Auszubildenden f\u00fchlten sich schnell wohl und in alle Aspekte dieses Lebens integriert. Also auch schlechte<br \/>\nWettervorhersagen werden mit Zuversicht aufgenommen. Das ist alles was wir brauchen.<\/p>\n<p>Noch sind es 600 Meilen. Alle reden \u00fcber die Orte, die sie auf Faial besuchen m\u00f6chten. Wir haben einen kleinen F\u00fchrer an Bord, der die Fantasie anregt. Wir sprechen auch \u00fcber die Ankunft in Amsterdam. Viele Fragen von denen, die das Entladen noch nie gesehen haben. Wir freuen uns darauf, wieder mit den S\u00e4cken und F\u00e4ssern zu hantieren. Wir sind gespannt, ob die unteren F\u00e4sser und S\u00e4cke nass geworden sind, ob der Rum st\u00e4rker ausgelaufen ist und wie viele Motten aus dem Laderaum wegfliegen werden. Wir sind absolut motiviert, die Ladung zu l\u00f6schen, f\u00fcr die wir so viel gearbeitet und gesegelt haben. Innerhalb weniger intensiver Monate w\u00e4chst ein Gef\u00fchl der Aneignung. Es liegt in der Luft, auf See ist es nicht offensichtlich, weil es dort normal ist. Eine Normalit\u00e4t, wenn sich alle den gleichen Raum und die gleichen Werkzeuge teilen m\u00fcssen. Aber es wird klar, wenn wir an Land kommen.<\/p>\n<p>Das Team kommt zusammen und redet \u00fcber Anekdoten und lustige Momente, die an Bord passiert sind, und immer kehrt die Crew von einem Ausflug mit einem erleichterten Gesichtsausdruck zur\u00fcck, weil sie nach Hause kommt. Haben Sie keine Angst, wir sind zug\u00e4nglich und freuen uns, die Geschichten zu teilen. Derzeit unterwegs zwischen den Quallen des portugiesischen Kriegsschiffs, den Plastikst\u00fccken auf der Meeresoberfl\u00e4che jeden Tag, den Supertankern und Hunderten sch\u00f6n aufger\u00e4umter, aufgerollter Leinen in unserem Garten. Noch nicht ohne Essen, aber wir machen Eis und K\u00e4se, ein klarer Himmel auf dem Vulkan. Wir kommen nach Horta!!<\/p>\n<p>Die Nacht wird ohne Mond dunkel und l\u00e4sst die Sterne in ihrer ganzen Pracht leuchten. F\u00fchrung aus der Luft, das ist es, was wir brauchen. \u00dcbrigens haben wir die Chance, am 21. anzukommen.<\/p>\n<p>Alles ok!!<\/p>\n<p><a href=\"https:\/\/fairtransport.eu\/de\/webshop\/\">Lesen Sie gerne die Abenteuer unserer Crew? Stellen Sie sich vor, Sie w\u00e4ren dabei, wenn Sie unsere Produkte zu Hause genie\u00dfen w\u00fcrden!<\/a><\/p>","protected":false},"excerpt":{"rendered":"<p>Sinds enkele dagen een aanhoudende zuidelijke wind. Comfortabel en snel. Alles wat we nodig hebben. Een storingenfront in het noorden trekt vandaag over ons hoofd. Vanmiddag 35 knopen wachten. Terwijl de storm opsteekt, worden de zeilen rustig gehesen tot de verschuiving naar het noordwesten. En dan gaan we verder met een lekker rustig briesje. De [&hellip;]<\/p>\n","protected":false},"featured_media":39719,"template":"","jaartal":[936],"type-of-post":[23],"class_list":["post-39708","blog","type-blog","status-publish","has-post-thumbnail","hentry","jaartal-936","ft-schip-tres-hombres","type-of-post-logboek"],"acf":[],"aioseo_notices":[],"_links":{"self":[{"href":"https:\/\/fairtransport.eu\/de\/wp-json\/wp\/v2\/blog\/39708","targetHints":{"allow":["GET"]}}],"collection":[{"href":"https:\/\/fairtransport.eu\/de\/wp-json\/wp\/v2\/blog"}],"about":[{"href":"https:\/\/fairtransport.eu\/de\/wp-json\/wp\/v2\/types\/blog"}],"version-history":[{"count":0,"href":"https:\/\/fairtransport.eu\/de\/wp-json\/wp\/v2\/blog\/39708\/revisions"}],"wp:featuredmedia":[{"embeddable":true,"href":"https:\/\/fairtransport.eu\/de\/wp-json\/wp\/v2\/media\/39719"}],"wp:attachment":[{"href":"https:\/\/fairtransport.eu\/de\/wp-json\/wp\/v2\/media?parent=39708"}],"wp:term":[{"taxonomy":"jaartal","embeddable":true,"href":"https:\/\/fairtransport.eu\/de\/wp-json\/wp\/v2\/jaartal?post=39708"},{"taxonomy":"type-of-post","embeddable":true,"href":"https:\/\/fairtransport.eu\/de\/wp-json\/wp\/v2\/type-of-post?post=39708"}],"curies":[{"name":"wp","href":"https:\/\/api.w.org\/{rel}","templated":true}]}}