{"id":39675,"date":"2023-03-22T09:56:43","date_gmt":"2023-03-22T08:56:43","guid":{"rendered":"https:\/\/fairtransport.eu\/?post_type=blog&#038;p=39675"},"modified":"2023-03-24T21:30:35","modified_gmt":"2023-03-24T20:30:35","slug":"feier-zum-tag-des-kochs-suzanne-gwilt","status":"publish","type":"blog","link":"https:\/\/fairtransport.eu\/de\/blog\/viering-van-de-dag-van-de-chefs-suzanne-gwilt\/","title":{"rendered":"Wir feiern den Tag der K\u00f6che (Suzanne Gwilt)"},"content":{"rendered":"<p>Wir sind um das Ruder versammelt. Die gesamte Crew hat auf diesen Tag gewartet, seit wir Boca Chica verlassen haben: den 5. M\u00e4rz. Ein besonderer Tag, ein herrlicher Sonntag, ein Tag des Chefkochs!<br \/>\nDas Hissen der Vanuatu-Flagge bedeutet, in gewisser Weise in Vanuatu zu leben, und was k\u00f6nnte wichtiger sein, als die Feiertage des Landes zu feiern, in dem Sie leben?<br \/>\n(Wir verheimlichen nicht, dass es auch eine gute Ausrede war, Kuchen zu backen und ihn zu genie\u00dfen.)<\/p>\n<p>Wir werden den Anf\u00fchrer unserer Gruppe so feiern, wie es die Menschen in Vanuatu tun. Die kommende Wache wurde bereits mit den Worten geweckt: Es ist Zeit, sich schick zu kleiden!<br \/>\nUnd tats\u00e4chlich haben wir es getan. Federn, H\u00fcte, Schleier, bunte Muster, Accessoires, die Sie auf unserem Schiff nicht erwarten w\u00fcrden. Jeder hat sich um sein Aussehen bem\u00fcht.<\/p>\n<p>M\u00fctzen werden mit Kuscheltieren verziert, sch\u00f6ne bunte Winterm\u00fctzen werden mit einem Oberteil kombiniert, denn so ist es trotzdem sch\u00f6n warm. Sonnenschirme werden umgekehrt getragen, Handt\u00fccher werden zu Kopft\u00fcchern, verziert mit Federn, Knochen und Seilgeflechten.<br \/>\nEin rosafarbener Schleier mit goldgl\u00e4nzenden Kronen passt sehr gut zum Kopf unseres Partners. Andere tragen Armb\u00e4nder, Bandanas oder Schals. Sogar Pyjamas mit Herzen darauf, ein Handtuch als Umhang, ein Zebrastreifen-Shirt, Nabel-Shirts und bunte Kleider finden ihren Weg an die Terrasse.<\/p>\n<p>Unser Kapit\u00e4n tr\u00e4gt ein Kleid. Wir sehen aus wie eine Karnevalsparty, deren Motto lautet: Was auch immer passiert, es muss nur modisch sein. Und so bleibt die Kleidung voller Teer und Farbe<br \/>\nIn die Brust des Seemanns und heraus kommen die sauberen Hippie-Hosen und glitzernden R\u00f6cke. Und \u00fcberall ist Glitzer. Es ist blau wie das Meer und verziert die sonnengebr\u00e4unte Haut mit Punkten und Linien.<\/p>\n<p>Auch im offiziellen Teil herrscht eine fr\u00f6hliche Atmosph\u00e4re. Jeder dankt unserem Koch, den wir heute ins Rampenlicht r\u00fccken. Die kleine Plastikkuh, Cacow genannt, klettert zu Beginn dieser Reise aus der Kiefer und paradiert auf dem Kompass, um den ganzen Jubel entgegenzunehmen. Dann verschwindet sie zur\u00fcck in ihren gr\u00fcnen Palast, gesch\u00fctzt von Nadeln und den \u00fcbrig gebliebenen Weihnachtsdekorationen und Accessoires, die w\u00e4hrend langer Nachtwachen dort zur\u00fcckgelassen wurden.<\/p>\n<p>Unsere Matrosen haben ein Spiel vorbereitet, bei dem Matrosen Piraten und Piraten Matrosen sind, aber man wei\u00df nie, wer wer ist. (Es sei denn, Sie sind der Bootsmann und die Besatzung<br \/>\nSpione). Nach einigen ziemlich tragischen Todesf\u00e4llen im Spiel \u00fcbernimmt eine Piratin das Schiff, um mit einem Lied auf den Lippen in den Sonnenuntergang zu segeln.<\/p>\n<p>Das Spiel hat viel Spa\u00df gemacht, aber jetzt wird es k\u00f6stlich. Ein langes St\u00fcck und ein quadratisches St\u00fcck ist das Signal f\u00fcr die Brownies. \u201eDas macht je zwei St\u00fccke\u201c, lautet die Antwort der \u00fcberforderten Crew, denn es gibt auch noch einen zweiten Kuchen. Letztendlich kann sich jeder an drei St\u00fccken erfreuen. Es ist eine Party.<br \/>\nDer Kuchen ist ein Traum und w\u00e4hrend die H\u00e4lfte der Crew zu Bett geht, um weiter von einem flachen Meer mit strahlender Sonne und Schokoladen- oder Zitronenkuchen zu tr\u00e4umen, ist der Rest im Dienst.<br \/>\nDas bedeutet an einem Sonntag: ausgestreckt auf dem Deck den Urlaub bei ruhigem Wind auf dem Atlantik genie\u00dfen.<br \/>\nWir tr\u00e4umen auch von dem Kuchen und dem Lachen, dem L\u00e4cheln und dem Spa\u00df, den wir an unserem Tag des Chefkochs hatten. Lediglich der Steuermann wird durch den fehlenden Wind gelegentlich m\u00fcde, weil er Schwierigkeiten hat, den Kurs zu halten. Das Dach vor mir glitzert gl\u00e4nzend und blau. Ein Gedanke kommt mir in den Sinn.<\/p>\n<p>Was w\u00fcrde der eigentliche H\u00e4uptling in Vanuatu sagen, wenn er diese bunte, fr\u00f6hliche Gruppe von Seeleuten sieht, die vielf\u00e4ltig und doch so stark miteinander verbunden sind und ihren Tag feiern?<\/p>\n<p>&nbsp;<\/p>\n<p><a href=\"https:\/\/fairtransport.eu\/de\/webshop\/\">Lesen Sie gerne die Abenteuer unserer Crew? Stellen Sie sich vor, Sie w\u00e4ren dabei, wenn Sie unsere Produkte zu Hause genie\u00dfen w\u00fcrden!<\/a><\/p>","protected":false},"excerpt":{"rendered":"<p>We zijn verzameld rond het roer. De hele crew heeft zitten wachten op deze dag sinds we Boca Chica verlieten: 5 maart. Een bijzondere dag, een glorieuze zondag, een Dag van de Chef! Onder de Vanuatu-vlag varen betekent op de een of andere manier in Vanuatu wonen en wat is er belangrijker dan de feestdagen [&hellip;]<\/p>\n","protected":false},"featured_media":38768,"template":"","jaartal":[936],"type-of-post":[23],"class_list":["post-39675","blog","type-blog","status-publish","has-post-thumbnail","hentry","jaartal-936","ft-schip-tres-hombres","type-of-post-logboek"],"acf":[],"aioseo_notices":[],"_links":{"self":[{"href":"https:\/\/fairtransport.eu\/de\/wp-json\/wp\/v2\/blog\/39675","targetHints":{"allow":["GET"]}}],"collection":[{"href":"https:\/\/fairtransport.eu\/de\/wp-json\/wp\/v2\/blog"}],"about":[{"href":"https:\/\/fairtransport.eu\/de\/wp-json\/wp\/v2\/types\/blog"}],"version-history":[{"count":0,"href":"https:\/\/fairtransport.eu\/de\/wp-json\/wp\/v2\/blog\/39675\/revisions"}],"wp:featuredmedia":[{"embeddable":true,"href":"https:\/\/fairtransport.eu\/de\/wp-json\/wp\/v2\/media\/38768"}],"wp:attachment":[{"href":"https:\/\/fairtransport.eu\/de\/wp-json\/wp\/v2\/media?parent=39675"}],"wp:term":[{"taxonomy":"jaartal","embeddable":true,"href":"https:\/\/fairtransport.eu\/de\/wp-json\/wp\/v2\/jaartal?post=39675"},{"taxonomy":"type-of-post","embeddable":true,"href":"https:\/\/fairtransport.eu\/de\/wp-json\/wp\/v2\/type-of-post?post=39675"}],"curies":[{"name":"wp","href":"https:\/\/api.w.org\/{rel}","templated":true}]}}