{"id":39345,"date":"2023-01-26T17:22:14","date_gmt":"2023-01-26T16:22:14","guid":{"rendered":"https:\/\/fairtransport.eu\/?post_type=blog&#038;p=39345"},"modified":"2023-01-26T17:29:16","modified_gmt":"2023-01-26T16:29:16","slug":"weise-pferde-sylvester-langvad","status":"publish","type":"blog","link":"https:\/\/fairtransport.eu\/de\/blog\/witte-paarden-sylvester-langvad\/","title":{"rendered":"Wei\u00dfe Pferde (Sylvester Langvad)"},"content":{"rendered":"<p>Und die wei\u00dfen Pferde gl\u00e4nzen wie funkelnde Diamanten auf dunkelblauem Samt.<\/p>\n<p>Das war die Aussicht, als ich auf den Fockmast kletterte. Noch vor ein paar Monaten h\u00e4tte ich als Landratte durch und durch kaum verstanden, was so ein Satz bedeutet.<br \/>\nDoch das war mein erster Gedanke nach fast zwei Monaten auf See, als ich oben auf der k\u00f6niglichen Werft an einem Ort der Einsamkeit sa\u00df. Auf einem \u00fcberf\u00fcllten Schiff wie der Tres ist der Himmel der einzige Ort, an dem man sich wirklich allein f\u00fchlen kann, mit nichts als dem Wind im Ohr und, zugegebenerma\u00dfen, dem gelegentlichen Lachen oder Schreien vom Deck.<\/p>\n<p>In weniger als einem Tag werden wir Martinique erreichen, vielleicht haben wir es bereits getan, sobald diese Worte das Schiff verlassen. F\u00fcr mich ist es das erste Mal, dass ich auf dieser Seite des Atlantiks einen Fu\u00df an Land setze. Ich bin begeistert. Ich denke dar\u00fcber nach, wie es sich anf\u00fchlen wird, zweifellos wie Sand, Dreck oder Beton woanders. Wahrscheinlich w\u00e4rmer.<\/p>\n<p>Jeder auf diesem Schiff hat seine eigenen Gef\u00fchle hinsichtlich der Aussicht, vor Anker zu gehen. Es f\u00fchlt sich an, als ob einige von uns f\u00fcr die Einfachheit des Meeres leben, w\u00e4hrend andere sich auf die Chance freuen, wieder mit ihren Lieben in Kontakt zu kommen. Es wird ein Hallo f\u00fcr neue Leute und m\u00f6glicherweise ein Abschied f\u00fcr andere sein. Ich w\u00fcrde gerne eine Schildkr\u00f6te sehen.<\/p>\n<p>&nbsp;<\/p>\n<p>Sylvester<\/p>\n<p><a href=\"https:\/\/fairtransport.eu\/de\/webshop\/\">Lesen Sie gerne die Abenteuer unserer Crew? Stellen Sie sich vor, Sie w\u00e4ren dabei, wenn Sie unsere Produkte zu Hause genie\u00dfen w\u00fcrden!<\/a><\/p>\n<p>&nbsp;<\/p>","protected":false},"excerpt":{"rendered":"<p>En de witte paarden schitteren als fonkelende diamanten op donkerblauw fluweel. Dat was het uitzicht toen ik op de voormast klom. Nog maar een paar maanden geleden zou ik, door en door landrot, nauwelijks hebben begrepen wat zo&#8217;n zin betekende. Toch was dat mijn eerste gedachte na bijna twee maanden op zee, zittend bovenop de [&hellip;]<\/p>\n","protected":false},"featured_media":39352,"template":"","jaartal":[936],"type-of-post":[23],"class_list":["post-39345","blog","type-blog","status-publish","has-post-thumbnail","hentry","jaartal-936","ft-schip-tres-hombres","type-of-post-logboek"],"acf":[],"aioseo_notices":[],"_links":{"self":[{"href":"https:\/\/fairtransport.eu\/de\/wp-json\/wp\/v2\/blog\/39345","targetHints":{"allow":["GET"]}}],"collection":[{"href":"https:\/\/fairtransport.eu\/de\/wp-json\/wp\/v2\/blog"}],"about":[{"href":"https:\/\/fairtransport.eu\/de\/wp-json\/wp\/v2\/types\/blog"}],"version-history":[{"count":0,"href":"https:\/\/fairtransport.eu\/de\/wp-json\/wp\/v2\/blog\/39345\/revisions"}],"wp:featuredmedia":[{"embeddable":true,"href":"https:\/\/fairtransport.eu\/de\/wp-json\/wp\/v2\/media\/39352"}],"wp:attachment":[{"href":"https:\/\/fairtransport.eu\/de\/wp-json\/wp\/v2\/media?parent=39345"}],"wp:term":[{"taxonomy":"jaartal","embeddable":true,"href":"https:\/\/fairtransport.eu\/de\/wp-json\/wp\/v2\/jaartal?post=39345"},{"taxonomy":"type-of-post","embeddable":true,"href":"https:\/\/fairtransport.eu\/de\/wp-json\/wp\/v2\/type-of-post?post=39345"}],"curies":[{"name":"wp","href":"https:\/\/api.w.org\/{rel}","templated":true}]}}