{"id":35968,"date":"2020-12-21T16:41:55","date_gmt":"2020-12-21T15:41:55","guid":{"rendered":"https:\/\/fairtransport.eu\/blog\/gestern-und-morgen-by-deniz-baser\/"},"modified":"2022-09-23T14:50:34","modified_gmt":"2022-09-23T12:50:34","slug":"sterne-und-morgen-von-deniz-baser","status":"publish","type":"blog","link":"https:\/\/fairtransport.eu\/de\/blog\/gestern-und-morgen-by-deniz-baser\/","title":{"rendered":"Gestern und Morgen (Von Deniz Baser)"},"content":{"rendered":"<p>Gestern und Morgen spielen endlich keine Rolle mehr.<\/p>\n<p>Der Wind und die Wellen, die Schiff schaukeln, was uns \u00fcber die W\u00fcste des Ozeans tr\u00e4gt, schwei\u00dfe den Moment so klar, wie die Sonne den Himmel. Ich bin stolz auf die Freiheit der Kunst, die mir noch unbekannt ist.<br \/>\nDiese Sehensw\u00fcrdigkeiten wurden inzwischen weitergegeben und aus der Perspektive ihrer Ansichten und Sch\u00f6nheit ist sie noch immer am Mast sichtbar. Haben Sie im besten Fall keine Angst vor sich selbst und Ihrer Umgebung.<\/p>","protected":false},"excerpt":{"rendered":"<p>Gestern und Morgen spielen endlich kein Rolle mehr. Der Wind und die Wellen, die das Schiff schaukeln, welches uns \u00fcber die W\u00fcste des Ozeans tr\u00e4gt, lassen den Moment so klar werden, wie die Sonne den Himmel. Trotz des Korsetts der Routine sp\u00fcre ich die Freiheit auf eine Art, wie sie mir bis jetzt unbekannt war. [&hellip;]<\/p>\n","protected":false},"featured_media":35969,"template":"","jaartal":[918],"type-of-post":[23],"class_list":["post-35968","blog","type-blog","status-publish","has-post-thumbnail","hentry","jaartal-918","ft-schip-tres-hombres","type-of-post-logboek"],"acf":[],"aioseo_notices":[],"_links":{"self":[{"href":"https:\/\/fairtransport.eu\/de\/wp-json\/wp\/v2\/blog\/35968","targetHints":{"allow":["GET"]}}],"collection":[{"href":"https:\/\/fairtransport.eu\/de\/wp-json\/wp\/v2\/blog"}],"about":[{"href":"https:\/\/fairtransport.eu\/de\/wp-json\/wp\/v2\/types\/blog"}],"version-history":[{"count":0,"href":"https:\/\/fairtransport.eu\/de\/wp-json\/wp\/v2\/blog\/35968\/revisions"}],"wp:featuredmedia":[{"embeddable":true,"href":"https:\/\/fairtransport.eu\/de\/wp-json\/wp\/v2\/media\/35969"}],"wp:attachment":[{"href":"https:\/\/fairtransport.eu\/de\/wp-json\/wp\/v2\/media?parent=35968"}],"wp:term":[{"taxonomy":"jaartal","embeddable":true,"href":"https:\/\/fairtransport.eu\/de\/wp-json\/wp\/v2\/jaartal?post=35968"},{"taxonomy":"type-of-post","embeddable":true,"href":"https:\/\/fairtransport.eu\/de\/wp-json\/wp\/v2\/type-of-post?post=35968"}],"curies":[{"name":"wp","href":"https:\/\/api.w.org\/{rel}","templated":true}]}}