{"id":35966,"date":"2020-12-19T20:00:23","date_gmt":"2020-12-19T19:00:23","guid":{"rendered":"https:\/\/fairtransport.eu\/blog\/la-palma-by-captain-andreas-lackner\/"},"modified":"2022-09-23T14:50:34","modified_gmt":"2022-09-23T12:50:34","slug":"la-palma-von-kapitan-andreas-lackner","status":"publish","type":"blog","link":"https:\/\/fairtransport.eu\/de\/blog\/la-palma-by-captain-andreas-lackner\/","title":{"rendered":"La Palma (Von Kapit\u00e4n Andreas Lackner)"},"content":{"rendered":"<p>Die ersten beiden Bet\u00e4ubungssegel gesellten sich heute zu unserem sch\u00f6nen Rigg und wurden mit Zimtschnecken aus unserer franz\u00f6sischen K\u00fcche gefeiert. Beim ersten Anzeichen von Passatwinden bauten wir die Ausleger und Bl\u00f6cke von der Steuerbordseite ab und montierten alles auf der Luvseite, wobei wir mehr oder weniger nach S\u00fcden fuhren, auf der Suche nach mehr Wind und mehr Sonne!<\/p>\n<p>Anne Flore hinterlie\u00df mir auf La Palma ein strahlendes Schiff und eine Mannschaft, und man konnte sehen, dass sich die verwitterten Gesichter auf eine ruhigere Fahrt freuten, als sie es bei der Abfahrt von Den Helder erlebt hatten.<\/p>\n<p>La Palma ist der Ort, an dem man in der Natur sein und entspannen kann, w\u00e4hrend man \u00fcber Berge wandert oder in fabelhaften Piratenh\u00f6hlen schwimmt, was alle hier, weit weg vom abgeschotteten Europa, genossen haben. Da Fracht mein Job ist und ich wissen muss, was wir an Bord laden, waren meine Ausfl\u00fcge weniger gesund, aber dennoch fruchtbar, da wir jetzt den besten Rum, Wein, Mojo und Salz von der Insel an Bord haben.<br \/>\nDie Aldea-Brennereien luden erneut die gesamte Crew zu einer reichhaltigen Mahlzeit und Rumverkostung ein, w\u00e4hrend Jose und ich die Sherry- und Portweinf\u00e4sser, die wir leer aus Spanien und Portugal mitgebracht hatten, mit seinen besten Rumsorten f\u00fcllten! Auch ein Fass des ber\u00fchmten Malvasia aus Constantio und Nancy sowie deren Weine und ein paar exklusive Flaschen von Victoria aus Fuencaliente gesellten sich zum Schiff.<\/p>\n<p>Jetzt sind wir beladen und bereit f\u00fcr ein paar Meilen auf dem offenen Meer, f\u00fcr einen ungefilterten Blick auf den Himmel, wie man ihn eben in der unbeleuchteten Natur hat. Eine glitzernde, sich bewegende Halbkugel, manchmal angehalten und von Adriaans Sextanten in Zahlen verwandelt. An Deck eine ebenso aufgekl\u00e4rte Crew, geleitet von Lennos und Mikes und Daniels Geschichten, die auch ohne Internet immer wieder ans Licht kommen.<\/p>\n<p>Hier drau\u00dfen k\u00f6nnen die Planeten und all diese l\u00e4ngst verschwundenen Sterne die Einsamkeit der gew\u00f6hnlichen Rahsegler in Momenten einfangen, in denen der Betrachter des Nachthimmels nur seine Geliebten wahrnimmt.<\/p>\n<p>Gr\u00fc\u00dfe,<br \/>\nAndreas<\/p>","protected":false},"excerpt":{"rendered":"<p>The first two stun \u2018sails joined our beautiful rig today and were celebrated with cinnamon rolls out of our French cuisine. At the first sign of the Tradewinds we took down booms and blocks from the starboard side and mounted everything on the windward side, heading more or less south in search of more wind [&hellip;]<\/p>\n","protected":false},"featured_media":35967,"template":"","jaartal":[918],"type-of-post":[23],"class_list":["post-35966","blog","type-blog","status-publish","has-post-thumbnail","hentry","jaartal-918","ft-schip-tres-hombres","type-of-post-logboek"],"acf":[],"aioseo_notices":[],"_links":{"self":[{"href":"https:\/\/fairtransport.eu\/de\/wp-json\/wp\/v2\/blog\/35966","targetHints":{"allow":["GET"]}}],"collection":[{"href":"https:\/\/fairtransport.eu\/de\/wp-json\/wp\/v2\/blog"}],"about":[{"href":"https:\/\/fairtransport.eu\/de\/wp-json\/wp\/v2\/types\/blog"}],"version-history":[{"count":0,"href":"https:\/\/fairtransport.eu\/de\/wp-json\/wp\/v2\/blog\/35966\/revisions"}],"wp:featuredmedia":[{"embeddable":true,"href":"https:\/\/fairtransport.eu\/de\/wp-json\/wp\/v2\/media\/35967"}],"wp:attachment":[{"href":"https:\/\/fairtransport.eu\/de\/wp-json\/wp\/v2\/media?parent=35966"}],"wp:term":[{"taxonomy":"jaartal","embeddable":true,"href":"https:\/\/fairtransport.eu\/de\/wp-json\/wp\/v2\/jaartal?post=35966"},{"taxonomy":"type-of-post","embeddable":true,"href":"https:\/\/fairtransport.eu\/de\/wp-json\/wp\/v2\/type-of-post?post=35966"}],"curies":[{"name":"wp","href":"https:\/\/api.w.org\/{rel}","templated":true}]}}