{"id":35940,"date":"2020-06-25T18:06:06","date_gmt":"2020-06-25T16:06:06","guid":{"rendered":"https:\/\/fairtransport.eu\/blog\/when-the-sun-never-sleep-by-collin-bertron-deckhand\/"},"modified":"2022-09-23T14:50:36","modified_gmt":"2022-09-23T12:50:36","slug":"wenn-die-sonne-niemals-schlaft-von-collin-bertron-deckhand","status":"publish","type":"blog","link":"https:\/\/fairtransport.eu\/de\/blog\/when-the-sun-never-sleep-by-collin-bertron-deckhand\/","title":{"rendered":"Wenn die Sonne niemals schl\u00e4ft (von Collin Bertron\/Deckhand)"},"content":{"rendered":"<p>Es ist Mitternacht, wir wachen auf. Drau\u00dfen ist es Morgenlicht! Wir k\u00f6nnen klar sehen.<\/p>\n<p>Das Deck, das Wasser um uns herum, die Gesichter meiner Schiffskameraden, der Horizont, der in tausenden blauen Farben verschmilzt. Der Mond geht schlafen, die anderen schauen auch zu.<br \/>\nWir sind allein an Deck und es weht eine ganz leichte Brise.<\/p>\n<p>Wir sind wie eine Evolution in einem Gem\u00e4lde. Die Zeit ist f\u00fcr eine weitere Nacht angehalten, es ist nicht dunkel, nicht hell, nur dazwischen, ewige D\u00e4mmerung, \u00e4therisches Gef\u00fchl der Ewigkeit.<br \/>\nVor ein paar Tagen fand in Saint Johns ein Mittsommerfest statt. Aber w\u00e4hrend wir weiter nach Norden fahren, sieht es nach einem Wettlauf mit der Zeit aus, genauso langsam. Es scheint, dass wir immer noch ein paar Minuten Vorsprung auf ihn haben.<br \/>\nDer Wind ist f\u00fcr ihn nicht so regelm\u00e4\u00dfig und vorhersehbar. An einem Tag wehte er uns durch Dover, flog uns \u00fcber Belgien und die Niederlande, noch bevor wir Zeit hatten, es auf der Karte zu sehen, aber jetzt weht er woanders, l\u00e4sst uns in der Nordsee treiben und trimmt unsere Segel, um es zu versuchen Finde ihn wieder, aber keine Eifersucht, das k\u00f6nnen wir teilen, andere Schiffe k\u00f6nnten ihn auch brauchen und er wird umkehren, er wird immer umkehren.<\/p>\n<p>Die Nordsee, ich war noch nie in meinem Leben so weit n\u00f6rdlich, vor uns lagen nur unbekannte Gew\u00e4sser.<br \/>\nWir betreten die Gebiete der Wikinger und steuern das Skagerrak an, den n\u00f6rdlichen Punkt D\u00e4nemarks, wo die Ostsee und die Nordsee aufeinander treffen. Ich bin neugierig darauf, neue Landschaften und andere Kulturen zu entdecken.<br \/>\nMal sehen, was uns die kleine Insel Bornholm zu bieten hat. Wir bringen ihnen etwas Wein. Ist das nicht ein sch\u00f6nes Geschenk und eine gute M\u00f6glichkeit, neue Freunde zu finden? Wir werden dort einige k\u00f6stliche Bio- und Naturweine liefern.<br \/>\nDas ist unsere Mission: Die k\u00f6stlichsten Produkte von einem Ort zum anderen, von einer Kultur zur anderen zu transportieren. Immer unter Segel.<\/p>\n<p>Toller blauer Himmel f\u00fcr alle<\/p>\n<p>Colin<\/p>","protected":false},"excerpt":{"rendered":"<p>It&#8217;s midnight, we wake up. It&#8217;s morning light outside! We can clearly see. The deck, the water surrounding us, the faces of my shipmates, the horizon melting in thousands of colors of blue. The moon goes to sleep, the other watch also. We&#8217;re alone on deck with a very light breeze. We&#8217;re like an evolution [&hellip;]<\/p>\n","protected":false},"featured_media":35941,"template":"","jaartal":[918],"type-of-post":[23],"class_list":["post-35940","blog","type-blog","status-publish","has-post-thumbnail","hentry","jaartal-918","ft-schip-tres-hombres","type-of-post-logboek"],"acf":[],"aioseo_notices":[],"_links":{"self":[{"href":"https:\/\/fairtransport.eu\/de\/wp-json\/wp\/v2\/blog\/35940","targetHints":{"allow":["GET"]}}],"collection":[{"href":"https:\/\/fairtransport.eu\/de\/wp-json\/wp\/v2\/blog"}],"about":[{"href":"https:\/\/fairtransport.eu\/de\/wp-json\/wp\/v2\/types\/blog"}],"version-history":[{"count":0,"href":"https:\/\/fairtransport.eu\/de\/wp-json\/wp\/v2\/blog\/35940\/revisions"}],"wp:featuredmedia":[{"embeddable":true,"href":"https:\/\/fairtransport.eu\/de\/wp-json\/wp\/v2\/media\/35941"}],"wp:attachment":[{"href":"https:\/\/fairtransport.eu\/de\/wp-json\/wp\/v2\/media?parent=35940"}],"wp:term":[{"taxonomy":"jaartal","embeddable":true,"href":"https:\/\/fairtransport.eu\/de\/wp-json\/wp\/v2\/jaartal?post=35940"},{"taxonomy":"type-of-post","embeddable":true,"href":"https:\/\/fairtransport.eu\/de\/wp-json\/wp\/v2\/type-of-post?post=35940"}],"curies":[{"name":"wp","href":"https:\/\/api.w.org\/{rel}","templated":true}]}}