{"id":35888,"date":"2020-02-07T17:23:24","date_gmt":"2020-02-07T16:23:24","guid":{"rendered":"https:\/\/fairtransport.eu\/blog\/martinique-a-place-for-peaceful-changes-karsten-barbucke\/"},"modified":"2020-02-07T17:23:24","modified_gmt":"2020-02-07T16:23:24","slug":"martinique-ein-ort-fur-friedliche-veranderungen-karsten-barbucke","status":"publish","type":"blog","link":"https:\/\/fairtransport.eu\/de\/blog\/martinique-a-place-for-peaceful-changes-karsten-barbucke\/","title":{"rendered":"Martinique, ein Ort friedlicher Ver\u00e4nderungen (Karsten Barbucke)"},"content":{"rendered":"<p>Wir kamen mit starken St\u00fcrmen durch Europa und \u00fcberquerten den Atlantik mit gl\u00fchend sonnigen Tagen. Wir haben eine verr\u00fcckte Zeit auf Barbados erlebt, mit anstrengenden Ankerman\u00f6vern und einer Umgebung, die nicht viel Platz f\u00fcr eine gute Erholung lie\u00df. Und dann erreichten wir endlich St. Martinique.<\/p>\n<p>Die Insel bereitete uns einen angenehmen Empfang, mit dem erfrischenden Duft von nassem Waldholz in der riesigen gr\u00fcnen Landschaft. Das gr\u00fcne Gras rund um die kleinen H\u00fcgel und der sch\u00f6ne Wald waren die erfrischenden Ausblicke, nach denen wir uns sehnten. Nach unserem gelungenen Ankerman\u00f6ver freuten wir uns auf die Kunst des franz\u00f6sischen Backens. Das Wort Croissants war in aller Munde. Gutes Essen und gute Getr\u00e4nke bildeten die Grundlage unserer Ankunftsparty. Wir waren froh, in einer wundersch\u00f6nen Umgebung wie dieser Insel zu sein.<\/p>\n<p>Wir alle hatten das Gef\u00fchl, dass eine gro\u00dfe Ver\u00e4nderung bevorsteht. Fast die H\u00e4lfte von uns musste gehen\u2026<br \/>Wir sind eine Familie geworden, als wir diese gro\u00dfe \u00dcberfahrt gemeinsam gemacht haben, aber jetzt endet diese erstaunliche Reise f\u00fcr einige von uns. Ihre Zeit auf dem Schiff ist vorbei, sie haben ihre Pflicht getan und ihre Spuren in unseren Herzen und auf diesem Schiff hinterlassen. F\u00fcr uns wird es anders sein und f\u00fcr sie wird es schwer sein, wegzugehen. Wir behalten sie in unserer Erinnerung.<\/p>\n<p>Das Gl\u00fcck, auf einer sch\u00f6nen und freundlichen Insel anzukommen und diese Stimmungen der Ver\u00e4nderung. F\u00fcr mich pers\u00f6nlich wurde Platz geschaffen, um die vor\u00fcbergehenden Ereignisse auf diesem Schiff widerzuspiegeln. Ich bin jetzt \u00fcber drei Monate auf diesem Schiff. Ich startete im November in Den Helder, \u00fcberquerte den Kanal und erreichte die \u201eandere Seite\u201c der Welt und wurde Teil des Schiffes. Ich habe gelernt, das Wasser zu f\u00fcrchten und zu respektieren. Ich l\u00f6ste meine H\u00f6henangst und wurde Kletterlehrer. Auf der \u00dcberfahrt stellte ich mich meinen inneren D\u00e4monen und sch\u00fcttelte sie ab.<\/p>\n<p>Drei Worte wurden f\u00fcr mich wirklich stark: Glaube, Hoffnung und Liebe. Der Glaube an mein Wissen, meine F\u00e4higkeiten und meinen Geist wuchs. Der Glaube an etwas Gr\u00f6\u00dferes, wie dieses Projekt, und daran, dass aus einer kleinen Ver\u00e4nderung eine gro\u00dfe Welle werden kann. Jede Sternennacht und jeder wundersch\u00f6ne Sonnenaufgang gaben Hoffnung und weckten Gier auf den n\u00e4chsten Tag.<br \/>Die St\u00e4rke der Kameraden, des Kapit\u00e4ns und unseres wundersch\u00f6nen Schiffes Tres Hombres gaben mir die Hoffnung, dass nach jedem Leid ein atemberaubender Moment bevorsteht. Und ich f\u00fchlte starke Liebe. Ich liebe die Ideale dieses Unternehmens, unser Holzhaus und unsere tolle Crew. Ich bin wirklich stolz, ein Teil davon zu sein.<\/p>\n<p>Endlich bin ich an einem Ort angekommen, von dem ich immer getr\u00e4umt habe. Schon als Kind habe ich B\u00fccher \u00fcber Seeleute und Piraten gelesen. Ich sammelte Flaschenschiffe und in jedem Urlaub an der K\u00fcste mussten mich meine Eltern nach stundenlangem Beobachten der Segelboote von den H\u00e4fen wegk\u00e4mpfen. Und jetzt, auf dem H\u00f6hepunkt meines Lebens, bekam ich endlich die Gelegenheit, diesen Traum wahr werden zu lassen. Auf einem Gro\u00dfsegler \u00fcber den Atlantik segeln, in die Takelage klettern und auf einer Rahe stehen und das alles mit einer guten ethischen Idee im Hintergrund.<\/p>\n<p>Ich hatte Pl\u00e4ne. Ich wollte den Ozean \u00fcberqueren, um Freunde in Mexiko und meine sch\u00f6ne Familie in North Carolina zu besuchen. Ich war auf der Suche nach Abenteuern auf dem Weg durch Amerika. Ein Land voller westlicher Gesellschaft. Aber in dieser Ankunftsnacht auf Martinique \u00e4nderte sich meine Meinung v\u00f6llig. Die Idee, an Bord zu bleiben, entstand vor einigen Monaten aus einem kleinen Gespr\u00e4ch mit dem K\u00fcchenkoch und wurde zu meinem gr\u00f6\u00dften Wunsch. Ich sah mich eher auf diesem Schiff als auf Reisen in einer anderen westlichen Gesellschaft. Ich vermisse meine Cousins und meinen Onkel, die auf mich gewartet haben, aber ich muss dieses Opfer bringen.<\/p>\n<p>Ich freue mich auf neue M\u00f6glichkeiten, mich meinen \u00c4ngsten zu stellen. Aus der Angst vor St\u00fcrmen wurde eine Sehnsucht danach, der Stress beim Klettern wuchs die Lust danach und die Gruppe verr\u00fcckter Menschen, die ich zum ersten Mal in meinem Leben traf, fand einen gro\u00dfen Teil in meinem Herzen. Diese alten Planken, das rostige Metall, die geteerte Takelage und die strahlend wei\u00dfen Segel wurden zu meinem Zuhause. Und ich werde bleiben, bis ich in Amsterdam abreisen muss. Das Geschenk auf diesem Schiff wurde zum gr\u00f6\u00dften Geschenk meines Lebens.<\/p>","protected":false},"excerpt":{"rendered":"<p>We got through Europa with strong storms and we\u2019ve been crossing the Atlantic, with burning sunny days. We got through a crazy time in Barbados, with exhausting anchor-maneuvers and an environment that left not so much space for a good rest. And then finally we reached St. Martinique. The island made us a nice welcome, [&hellip;]<\/p>\n","protected":false},"featured_media":35889,"template":"","jaartal":[918],"type-of-post":[],"class_list":["post-35888","blog","type-blog","status-publish","has-post-thumbnail","hentry","jaartal-918","ft-schip-tres-hombres"],"acf":[],"aioseo_notices":[],"_links":{"self":[{"href":"https:\/\/fairtransport.eu\/de\/wp-json\/wp\/v2\/blog\/35888","targetHints":{"allow":["GET"]}}],"collection":[{"href":"https:\/\/fairtransport.eu\/de\/wp-json\/wp\/v2\/blog"}],"about":[{"href":"https:\/\/fairtransport.eu\/de\/wp-json\/wp\/v2\/types\/blog"}],"version-history":[{"count":0,"href":"https:\/\/fairtransport.eu\/de\/wp-json\/wp\/v2\/blog\/35888\/revisions"}],"wp:featuredmedia":[{"embeddable":true,"href":"https:\/\/fairtransport.eu\/de\/wp-json\/wp\/v2\/media\/35889"}],"wp:attachment":[{"href":"https:\/\/fairtransport.eu\/de\/wp-json\/wp\/v2\/media?parent=35888"}],"wp:term":[{"taxonomy":"jaartal","embeddable":true,"href":"https:\/\/fairtransport.eu\/de\/wp-json\/wp\/v2\/jaartal?post=35888"},{"taxonomy":"type-of-post","embeddable":true,"href":"https:\/\/fairtransport.eu\/de\/wp-json\/wp\/v2\/type-of-post?post=35888"}],"curies":[{"name":"wp","href":"https:\/\/api.w.org\/{rel}","templated":true}]}}