{"id":35878,"date":"2020-01-02T00:00:00","date_gmt":"2020-01-01T23:00:00","guid":{"rendered":"https:\/\/fairtransport.eu\/blog\/verjaardag-wiebe-radstake\/"},"modified":"2022-09-23T14:48:53","modified_gmt":"2022-09-23T12:48:53","slug":"geburtstag-wiebe-radstake","status":"publish","type":"blog","link":"https:\/\/fairtransport.eu\/de\/blog\/verjaardag-wiebe-radstake\/","title":{"rendered":"Geburtstag (Wiebe Radstake)"},"content":{"rendered":"<p class=\"\" data-pm-slice=\"1 1 []\">Heute, am 2. Januar, feiere ich meinen 30. Geburtstag, meinen Geburtstag zum dritten Mal auf der Tres Hombres, zum ersten Mal mitten auf dem Ozean, zum ersten Mal als Kapit\u00e4n. Und die Tage sind wie alle anderen Tage auf dem Meer, ein weiterer wundersch\u00f6ner Sonnenaufgang, w\u00e4hrend die Backbordwache ihre Morgenwache beendet und zum Fr\u00fchst\u00fcck Haferbrei mit gebratenen Bananen isst. T\u00e4gliche kleine Sorgen wie: Die Kaffeefilter sind nicht zu finden, also m\u00fcssen wir Kaffee mit dem wiederverwendbaren Filter einschenken (was ein paar Minuten l\u00e4nger dauert), wir k\u00f6nnen w\u00e4hrend der Nachtwachen stundenlang dar\u00fcber reden.<br \/>\nEin Wachtransfer zwischen dem Hafen und Starbord. Ein Plan f\u00fcr den Tag mit den Steuerm\u00e4nnern und dem Bootsmann. Wir wollen noch mehr Segel, deshalb sind Pl\u00e4ne f\u00fcr zus\u00e4tzliche Segel rund um die Royal geplant. Ich lese Turgenjews gesammelte Werke, h\u00f6re Leonard Cohen, schaue aufs Meer. Alles Gute zum Geburtstag wird gesungen und dar\u00fcber hinaus? Dar\u00fcber hinaus bewegt sich das Meer weiterhin, aber die Passatwinde wehen weiterhin.<br \/>\n30 Jahre alt, meine Zwanziger sind vorbei: Vor zehn Jahren war ich noch auf der Kunstschule, habe endlose Partys im Hafenpark Zierikzee gefeiert, ich habe damals noch nicht einmal viel gesegelt. Nach dem Kunststudium hatte ich die ganze Kunstwelt satt und wollte nur noch segeln, segeln, segeln. Ich suchte nicht nach Ruhm, sondern nach Freiheit. Ich bin zuerst in den Niederlanden gesegelt: im Zeeland-Delta, im IJsselmeer und im Wattenmeer und habe dann die Tres Hombres kennengelernt. In Vlissingen lag das Schiff beim Festival Sail de Ruyter, wo ich auch mit einem Lastkahn festmachte. Wenn ich ausnahmsweise nicht einmal mitkommen konnte, dann war morgen ja die Antwort. Und dort begann alles, von Vlissingen nach Den Helder, \u00fcber die gesch\u00e4ftige Nordsee. Im selben Jahr machte ich meine erste Ozean\u00fcberquerung und pl\u00f6tzlich war alles klar. Diese unglaubliche Leere, au\u00dferhalb der Gesellschaft, tagelang nur Wasser: Das war es! Nennen Sie es Romantik, nennen Sie es die Erkenntnis, dass der Mensch so ein kleines Ding in einem gr\u00f6\u00dferen Ganzen ist.<br \/>\nJetzt, mehr als zehn \u00dcberfahrten sp\u00e4ter, segele ich als Kapit\u00e4n auf diesem wundersch\u00f6nen Schiff. 30 Jahre alt und in der Lage, etwas so Sch\u00f6nes zu tun, h\u00e4tte ich mir das vor zehn Jahren nie vorstellen k\u00f6nnen. In der Zwischenzeit gibt es so viele weitere Erlebnisse, Suzan kennenzulernen, einen Doppeldeckerbus in ein Haus umzubauen, Musik zu machen, wo immer es m\u00f6glich ist, so viel zu reisen, so viele Menschen zu treffen, so viel Meer zu sehen.<br \/>\nUnd dann gibt es noch eine weitere gro\u00dfe Neuigkeit, die ich Ihnen vom Meer mitteilen m\u00f6chte: Kurz bevor ich zu dieser Ozeantour mit den Tres Hombres aufbrach, erfuhren wir, dass Suzan schwanger war. Das macht uns unglaublich gl\u00fccklich. Es ist seltsam, auf den Tres Hombres zu sitzen, w\u00e4hrend die ersten Ultraschalluntersuchungen gemacht werden, sie hat zum ersten Mal ihren Herzschlag geh\u00f6rt, es ist unwirklich, sie erst im Mai an irgendeinem Kai in Holland mit einem dicken Bauch wiederzusehen, aber wir werden einander zuwinken.<br \/>\nEnde Juni werde ich Vater. Hier an Deck baue ich zusammen mit Jeroen, dem Bootsmann, eine Wiege. Wie sieht die Krippe aus? Wie ein Schiff: nat\u00fcrlich ein Segelschiff, hergestellt aus Altholz, das auf den verschiedenen Inseln gefunden wurde, die wir auf dieser Reise besuchen.<br \/>\nUnd wo werde ich in zehn Jahren sein? Oder wenn ich 60 bin? Vielleicht auf einem der Ecoclippers, die Jorne vorbereitet? Segeln Sie in der N\u00e4he Ihres Zuhauses durch die Niederlande? Musik machen und Gedichte machen, w\u00e4hrend man durch die Niederlande, durch die Welt wandert?<br \/>\nDie Zukunft k\u00f6nnte ein bisschen wie das Meer von heute aussehen: fliegende Fische, blauer Himmel, 15 Segel dieses Schiffes voller Wind und 15 gl\u00fcckliche Menschen, die \u00fcber ein endloses Meer schaukeln. Es ist m\u00f6glich, und weil dies jetzt so ist, ist es jetzt real, dass trotz all des L\u00e4rms als Nebenprodukt unserer kapitalistischen Gesellschaft Projekte wie dieses Schiff m\u00f6glich sind. Die Tatsache, dass es immer noch Menschen gibt, die aufstehen, Fragen stellen und Energie in den Bau von etwas so Sch\u00f6nem wie diesem Schiff stecken, gibt Hoffnung: Hoffnung auf eine gl\u00e4nzende Zukunft. Ich hoffe, dass mein Kind sp\u00e4ter auch segeln kann und auf einem Planeten leben kann, der hier heute auch ganz sch\u00f6n aussieht.<br \/>\nEin Seegru\u00df<br \/>\nWiebe Radstake<\/p>","protected":false},"excerpt":{"rendered":"<p>Vandaag 2 januari vier ik mijn 30e verjaardag, voor de 3e keer mijn verjaardag op de Tres Hombres voor het eerst midden op de Oceaan, voor het eerst als kapitein. En de dagen zijn als alle dagen op de oceaan, een alweer prachtige zonsopgang terwijl de portside watch hun ochtend wacht be\u00ebindigd, pap met gebakken [&hellip;]<\/p>\n","protected":false},"featured_media":35879,"template":"","jaartal":[918],"type-of-post":[23],"class_list":["post-35878","blog","type-blog","status-publish","has-post-thumbnail","hentry","jaartal-918","type-of-post-logboek"],"acf":[],"aioseo_notices":[],"_links":{"self":[{"href":"https:\/\/fairtransport.eu\/de\/wp-json\/wp\/v2\/blog\/35878","targetHints":{"allow":["GET"]}}],"collection":[{"href":"https:\/\/fairtransport.eu\/de\/wp-json\/wp\/v2\/blog"}],"about":[{"href":"https:\/\/fairtransport.eu\/de\/wp-json\/wp\/v2\/types\/blog"}],"version-history":[{"count":0,"href":"https:\/\/fairtransport.eu\/de\/wp-json\/wp\/v2\/blog\/35878\/revisions"}],"wp:featuredmedia":[{"embeddable":true,"href":"https:\/\/fairtransport.eu\/de\/wp-json\/wp\/v2\/media\/35879"}],"wp:attachment":[{"href":"https:\/\/fairtransport.eu\/de\/wp-json\/wp\/v2\/media?parent=35878"}],"wp:term":[{"taxonomy":"jaartal","embeddable":true,"href":"https:\/\/fairtransport.eu\/de\/wp-json\/wp\/v2\/jaartal?post=35878"},{"taxonomy":"type-of-post","embeddable":true,"href":"https:\/\/fairtransport.eu\/de\/wp-json\/wp\/v2\/type-of-post?post=35878"}],"curies":[{"name":"wp","href":"https:\/\/api.w.org\/{rel}","templated":true}]}}