{"id":35862,"date":"2019-12-17T00:00:00","date_gmt":"2019-12-16T23:00:00","guid":{"rendered":"https:\/\/fairtransport.eu\/blog\/departure-from-la-palma-its-time-to-leave-now\/"},"modified":"2022-09-23T14:49:04","modified_gmt":"2022-09-23T12:49:04","slug":"abfahrt-von-la-palma-jetzt-ist-es-zeit-zu-gehen","status":"publish","type":"blog","link":"https:\/\/fairtransport.eu\/de\/blog\/departure-from-la-palma-its-time-to-leave-now\/","title":{"rendered":"Abreise von La Palma: Jetzt ist es Zeit aufzubrechen"},"content":{"rendered":"<p class=\"\" data-pm-slice=\"1 1 []\">Gestern, am 16. Dezember, sind wir von Santa Cruz de la Palma abgereist. Nach der Verladung von 11 F\u00e4ssern Rum Aldea, 8 Tagen Arbeit, der Vorbereitung des Schiffes auf das Meer, dem Genie\u00dfen der wundersch\u00f6nen Insel, dem Besuch der Aldea-Rumbrennerei (Danke f\u00fcr das sch\u00f6ne gemeinsame Essen!), der Organisation von Bio-Lebensmitteln f\u00fcr die \u00dcberfahrt und dem Wechsel der Auszubildenden war es soweit Zeit zu gehen.<\/p>\n<p>Wir mussten uns von den Auszubildenden Chris, Julien, Raw, die aus Baiona zu uns kamen, und Mea sowie Nici, die bereits aus den Niederlanden mit uns gesegelt war, verabschieden. Wir mussten uns von Marco verabschieden, der uns bei der Ausbildung der neuen Crew im Rahsegeln wirklich geholfen hat, und f\u00fcr mich war es am schwersten, mich von meiner Frau Suzan zu verabschieden, die zu uns nach Hause in den Niederlanden zur\u00fcckkehren muss.<\/p>\n<p>Das Leben von Suzan und mir ist wirklich stark mit Fairtransport verbunden (gemeinsames Segeln um den Atlantik auf der Tres Hombres, Heiraten auf der Nordlys, Planung unseres Lebens rund um die Reisen auf dem Meer). Ich bin wirklich gl\u00fccklich, dass Suzan mich im ersten Teil begleitet hat Wir segeln als Kapit\u00e4n auf der Tres Hombres), aber wir haben auch ein Leben an Land: Wir leben in einem Bus und bauen eine \u00d6ko-Gemeinschaft in Zeeland auf.<\/p>\n<p class=\"\">\nEs ist immer ein seltsamer Moment, sich von denen zu verabschieden, mit denen man gesegelt ist, die zusammen auf diesem kleinen Boot gelebt haben und all diese intensiven Momente geteilt haben. Der Klang des Norwegischen Horns und wir sehen uns in Amsterdam! Was diesen Moment noch sch\u00f6ner macht, sind die neuen interessanten Leute, die den Tres Hombres beitreten. Wir begr\u00fc\u00dften Jaap, Lars und Lense, die uns bei der \u00dcberquerung des Ozeans begleiteten.<\/p>\n<p>Im Hafen gilt es jeden Morgen als Erstes, das Wetter zu pr\u00fcfen: Wann ist der richtige Zeitpunkt zum Aufbruch? Schauen Sie zuerst zum Mast hinauf. Was sagt Ihnen die Flagge? Was sagen Ihnen andere Flaggen? Der Rauch aus den Fabriken? Dann schauen Sie sich die Online-Wettervorhersage an.<br \/>\nIst das Schiff bereit? Das Frachtmeer verstaut? Wann kommt die Bereitstellung? Und dann noch einmal das Wetter checken. Gestern war der perfekte Moment: N\u00f6rdlich der Kanarischen Inseln zog ein Tiefdruckgebiet auf, sodass wir mit den Nordostwinden aus dem Hafen von Santa Cruz segeln und den 24-Stunden-Nordostwind nutzen konnten, um zumindest s\u00fcdlich von El Hiero zu gelangen Warten Sie dort, bis wir die Schiffe aufnehmen und weiter nach S\u00fcden auf die H\u00f6he von Kap Verde segeln k\u00f6nnen. Wenn wir dort sind, finden Sie den richtigen Moment, um nach Westen zu fahren.<\/p>\n<p>Da La Palma eine Hochgebirgsinsel ist, m\u00fcssen wir auf die Winde rund um die Insel achten, auch wenn sie aus der entgegengesetzten Richtung kommen, wie die Wettervorhersage sagt. Denken Sie auch an den Land- und Seewind. Der Wind \u00e4ndert sich jeden Morgen und Abend. Schauen Sie sich nicht nur die Wettervorhersage auf den Bildschirmen an, sondern fragen Sie auch die Einheimischen (Fischer, Hafenmeister usw.): Was denken sie?<\/p>\n<p class=\"\">\nUm 15:30 Uhr Ortszeit lie\u00df der Wind f\u00fcr einen Moment nach und das war der Moment, in dem wir mit einem kleinen Schubs vom Beiboot zum Ostpier des Hafens gelangen, die Segel setzen und hinaussegeln konnten, nach Osten segeln, weg von den Felsen, Weg von der Insel, weg von den winkenden Marco und Suzan.<\/p>\n<p>Innerhalb einer Stunde waren alle Segel gesetzt und wir schafften 9 Knoten. Nach einer Nacht mit vielen Winddrehungen rund um La Palma, La Gomera und<br \/>\nEl Hiero (sich festmachen, sich festhalten, zwischen 4 und 11 Knoten machen) und ein alter Wellengang aus der Senke im Norden sind jetzt, am Morgen des 17., frei von den Inseln: Es gibt keine Festmacherwachen, Kreuzfahrt Schiffe, Weihnachtsl\u00e4den, Ger\u00fcche von Generatoren und Ger\u00e4usche von Autos: 3 Wochen lang sind es das Meer und wir!<\/p>\n<p>Alles Gute von den Tres Hombres, im Moment machen wir nur 2 Knoten, aber wir fahren nach S\u00fcden!<\/p>\n<p>Wiebe Radstake<\/p>\n<p data-pm-slice=\"1 1 []\">","protected":false},"excerpt":{"rendered":"<p>Yesterday the 16th of December we departed from Santa Cruz de la Palma. After loading 11 barrels of rum Aldea, 8 days of work, making the ship ocean ready, enjoying the beautiful island, visiting the Aldea rum distillery (thanks for the nice meal together!), organizing organic food for the crossing and changing trainees it was [&hellip;]<\/p>\n","protected":false},"featured_media":35863,"template":"","jaartal":[913],"type-of-post":[23],"class_list":["post-35862","blog","type-blog","status-publish","has-post-thumbnail","hentry","jaartal-913","type-of-post-logboek"],"acf":[],"aioseo_notices":[],"_links":{"self":[{"href":"https:\/\/fairtransport.eu\/de\/wp-json\/wp\/v2\/blog\/35862","targetHints":{"allow":["GET"]}}],"collection":[{"href":"https:\/\/fairtransport.eu\/de\/wp-json\/wp\/v2\/blog"}],"about":[{"href":"https:\/\/fairtransport.eu\/de\/wp-json\/wp\/v2\/types\/blog"}],"version-history":[{"count":0,"href":"https:\/\/fairtransport.eu\/de\/wp-json\/wp\/v2\/blog\/35862\/revisions"}],"wp:featuredmedia":[{"embeddable":true,"href":"https:\/\/fairtransport.eu\/de\/wp-json\/wp\/v2\/media\/35863"}],"wp:attachment":[{"href":"https:\/\/fairtransport.eu\/de\/wp-json\/wp\/v2\/media?parent=35862"}],"wp:term":[{"taxonomy":"jaartal","embeddable":true,"href":"https:\/\/fairtransport.eu\/de\/wp-json\/wp\/v2\/jaartal?post=35862"},{"taxonomy":"type-of-post","embeddable":true,"href":"https:\/\/fairtransport.eu\/de\/wp-json\/wp\/v2\/type-of-post?post=35862"}],"curies":[{"name":"wp","href":"https:\/\/api.w.org\/{rel}","templated":true}]}}